{"id":18713,"date":"2024-01-12T18:45:48","date_gmt":"2024-01-12T21:45:48","guid":{"rendered":"https:\/\/radiostudiow.com.br\/site\/?p=18713"},"modified":"2025-01-31T15:02:20","modified_gmt":"2025-01-31T18:02:20","slug":"carro-pega-fogo-em-porto-vitoria","status":"publish","type":"post","link":"https:\/\/radiostudiow.com.br\/site\/2024\/01\/12\/carro-pega-fogo-em-porto-vitoria\/","title":{"rendered":"Carro pega fogo em Porto Vit\u00f3ria"},"content":{"rendered":"\n<p>A Defesa Civil de Porto Vit\u00f3ria esteve mobilizada no atendimento de uma ocorr\u00eancia de inc\u00eandio em ve\u00edculo por volta das 11 horas da manh\u00e3 desta sexta-feira (12).<\/p>\n\n\n\n<figure class=\"wp-block-image size-full\"><img decoding=\"async\" src=\"https:\/\/radiostudiow.com.br\/site\/wp-content\/uploads\/2023\/10\/SITE-GRANDE4.png\" alt=\"\" class=\"wp-image-16367\"\/><\/figure>\n\n\n\n<p>De acordo com informa\u00e7\u00f5es, o inc\u00eandio aconteceu na rua Artut Baumann, no bairro Santo Ant\u00f4nio e atingiu um ve\u00edculo Fiat\/Palio, o qual pertence a um morador da \u00e1rea rural. O ve\u00edculo apresentou uma pane que provocou o fogo.\u00a0<\/p>\n\n\n\n<p>A Defesa Civil deslocou at\u00e9 o endere\u00e7o e rapidamente realizou o combate as chamas. Infelizmente, o carro ficou destru\u00eddo, sendo poss\u00edvel apenas evitar que algumas pe\u00e7as ficassem queimadas. A Pol\u00edcia Militar tamb\u00e9m prestou apoio na ocorr\u00eancia.<\/p>\n\n\n\n<figure class=\"wp-block-image size-full\"><img decoding=\"async\" src=\"https:\/\/radiostudiow.com.br\/site\/wp-content\/uploads\/2024\/01\/SITE-GRANDE5.png\" alt=\"\" class=\"wp-image-18704\"\/><\/figure>\n","protected":false},"excerpt":{"rendered":"<p>A Defesa Civil de Porto Vit\u00f3ria esteve mobilizada no atendimento de uma ocorr\u00eancia de inc\u00eandio em ve\u00edculo por volta das 11 horas da manh\u00e3 desta sexta-feira (12). De acordo com informa\u00e7\u00f5es, o inc\u00eandio aconteceu na rua Artut Baumann, no bairro Santo Ant\u00f4nio e atingiu um ve\u00edculo Fiat\/Palio, o qual pertence a um morador da \u00e1rea [&hellip;]<\/p>\n","protected":false},"author":2,"featured_media":18714,"comment_status":"open","ping_status":"open","sticky":false,"template":"","format":"standard","meta":{"footnotes":""},"categories":[2],"tags":[172],"class_list":["post-18713","post","type-post","status-publish","format-standard","has-post-thumbnail","hentry","category-policial","tag-featured"],"amp_enabled":true,"_links":{"self":[{"href":"https:\/\/radiostudiow.com.br\/site\/wp-json\/wp\/v2\/posts\/18713","targetHints":{"allow":["GET"]}}],"collection":[{"href":"https:\/\/radiostudiow.com.br\/site\/wp-json\/wp\/v2\/posts"}],"about":[{"href":"https:\/\/radiostudiow.com.br\/site\/wp-json\/wp\/v2\/types\/post"}],"author":[{"embeddable":true,"href":"https:\/\/radiostudiow.com.br\/site\/wp-json\/wp\/v2\/users\/2"}],"replies":[{"embeddable":true,"href":"https:\/\/radiostudiow.com.br\/site\/wp-json\/wp\/v2\/comments?post=18713"}],"version-history":[{"count":1,"href":"https:\/\/radiostudiow.com.br\/site\/wp-json\/wp\/v2\/posts\/18713\/revisions"}],"predecessor-version":[{"id":18715,"href":"https:\/\/radiostudiow.com.br\/site\/wp-json\/wp\/v2\/posts\/18713\/revisions\/18715"}],"wp:featuredmedia":[{"embeddable":true,"href":"https:\/\/radiostudiow.com.br\/site\/wp-json\/wp\/v2\/media\/18714"}],"wp:attachment":[{"href":"https:\/\/radiostudiow.com.br\/site\/wp-json\/wp\/v2\/media?parent=18713"}],"wp:term":[{"taxonomy":"category","embeddable":true,"href":"https:\/\/radiostudiow.com.br\/site\/wp-json\/wp\/v2\/categories?post=18713"},{"taxonomy":"post_tag","embeddable":true,"href":"https:\/\/radiostudiow.com.br\/site\/wp-json\/wp\/v2\/tags?post=18713"}],"curies":[{"name":"wp","href":"https:\/\/api.w.org\/{rel}","templated":true}]}}