{"id":18716,"date":"2024-01-12T18:49:34","date_gmt":"2024-01-12T21:49:34","guid":{"rendered":"https:\/\/radiostudiow.com.br\/site\/?p=18716"},"modified":"2025-01-31T15:02:20","modified_gmt":"2025-01-31T18:02:20","slug":"ladrao-do-distrito-de-sao-cristovao-em-uniao-da-vitoria-e-contido-por-populares-e-acaba-preso-pela-policia","status":"publish","type":"post","link":"https:\/\/radiostudiow.com.br\/site\/2024\/01\/12\/ladrao-do-distrito-de-sao-cristovao-em-uniao-da-vitoria-e-contido-por-populares-e-acaba-preso-pela-policia\/","title":{"rendered":"Ladr\u00e3o \u00e9 contido por populares e acaba preso pela Pol\u00edcia Militar em Uni\u00e3o da Vit\u00f3ria"},"content":{"rendered":"\n<p>A equipe da Pol\u00edcia Militar de Uni\u00e3o da Vit\u00f3ria contou com a ajuda de populares para deter um ladr\u00e3o que havia cometido ao menos dois furtos durante a madrugada de quinta-feira, 11 de janeiro, no Distrito de S\u00e3o Crist\u00f3v\u00e3o.<\/p>\n\n\n\n<figure class=\"wp-block-image size-full\"><img loading=\"lazy\" decoding=\"async\" width=\"897\" height=\"204\" src=\"https:\/\/radiostudiow.com.br\/site\/wp-content\/uploads\/2023\/10\/SITE-GRANDE3.png\" alt=\"\" class=\"wp-image-16341\" srcset=\"https:\/\/radiostudiow.com.br\/site\/wp-content\/uploads\/2023\/10\/SITE-GRANDE3.png 897w, https:\/\/radiostudiow.com.br\/site\/wp-content\/uploads\/2023\/10\/SITE-GRANDE3-300x68.png 300w, https:\/\/radiostudiow.com.br\/site\/wp-content\/uploads\/2023\/10\/SITE-GRANDE3-768x175.png 768w\" sizes=\"auto, (max-width: 897px) 100vw, 897px\" \/><\/figure>\n\n\n\n<p>De acordo com informa\u00e7\u00f5es, o homem foi detido por moradores que acionaram a Pol\u00edcia. No local, ele estava com a roupa furtada, sendo que a v\u00edtima estava no local confirmando os fatos.<\/p>\n\n\n\n<p><span style=\"color: rgb(12, 26, 43); font-family: &quot;Nunito Sans&quot;, sans-serif; font-size: 17px; white-space-collapse: collapse;\">O homem foi detido e encaminhado at\u00e9 a delegacia para as provid\u00eancias cab\u00edveis. Imagens que circulam nas redes sociais, mostram o momento da pris\u00e3o.<\/span><\/p>\n\n\n\n<figure class=\"wp-block-image size-full\"><img decoding=\"async\" src=\"https:\/\/radiostudiow.com.br\/site\/wp-content\/uploads\/2024\/01\/SITE-GRANDE5.png\" alt=\"\" class=\"wp-image-18704\"\/><\/figure>\n","protected":false},"excerpt":{"rendered":"<p>A equipe da Pol\u00edcia Militar de Uni\u00e3o da Vit\u00f3ria contou com a ajuda de populares para deter um ladr\u00e3o que havia cometido ao menos dois furtos durante a madrugada de quinta-feira, 11 de janeiro, no Distrito de S\u00e3o Crist\u00f3v\u00e3o. De acordo com informa\u00e7\u00f5es, o homem foi detido por moradores que acionaram a Pol\u00edcia. No local, [&hellip;]<\/p>\n","protected":false},"author":2,"featured_media":18717,"comment_status":"open","ping_status":"open","sticky":false,"template":"","format":"standard","meta":{"footnotes":""},"categories":[2],"tags":[172],"class_list":["post-18716","post","type-post","status-publish","format-standard","has-post-thumbnail","hentry","category-policial","tag-featured"],"amp_enabled":true,"_links":{"self":[{"href":"https:\/\/radiostudiow.com.br\/site\/wp-json\/wp\/v2\/posts\/18716","targetHints":{"allow":["GET"]}}],"collection":[{"href":"https:\/\/radiostudiow.com.br\/site\/wp-json\/wp\/v2\/posts"}],"about":[{"href":"https:\/\/radiostudiow.com.br\/site\/wp-json\/wp\/v2\/types\/post"}],"author":[{"embeddable":true,"href":"https:\/\/radiostudiow.com.br\/site\/wp-json\/wp\/v2\/users\/2"}],"replies":[{"embeddable":true,"href":"https:\/\/radiostudiow.com.br\/site\/wp-json\/wp\/v2\/comments?post=18716"}],"version-history":[{"count":2,"href":"https:\/\/radiostudiow.com.br\/site\/wp-json\/wp\/v2\/posts\/18716\/revisions"}],"predecessor-version":[{"id":18720,"href":"https:\/\/radiostudiow.com.br\/site\/wp-json\/wp\/v2\/posts\/18716\/revisions\/18720"}],"wp:featuredmedia":[{"embeddable":true,"href":"https:\/\/radiostudiow.com.br\/site\/wp-json\/wp\/v2\/media\/18717"}],"wp:attachment":[{"href":"https:\/\/radiostudiow.com.br\/site\/wp-json\/wp\/v2\/media?parent=18716"}],"wp:term":[{"taxonomy":"category","embeddable":true,"href":"https:\/\/radiostudiow.com.br\/site\/wp-json\/wp\/v2\/categories?post=18716"},{"taxonomy":"post_tag","embeddable":true,"href":"https:\/\/radiostudiow.com.br\/site\/wp-json\/wp\/v2\/tags?post=18716"}],"curies":[{"name":"wp","href":"https:\/\/api.w.org\/{rel}","templated":true}]}}