{"id":18722,"date":"2024-01-12T19:09:58","date_gmt":"2024-01-12T22:09:58","guid":{"rendered":"https:\/\/radiostudiow.com.br\/site\/?p=18722"},"modified":"2025-01-31T15:02:20","modified_gmt":"2025-01-31T18:02:20","slug":"sanepar-abre-centrais-de-relacionamento-em-todo-o-parana-neste-sabado","status":"publish","type":"post","link":"https:\/\/radiostudiow.com.br\/site\/2024\/01\/12\/sanepar-abre-centrais-de-relacionamento-em-todo-o-parana-neste-sabado\/","title":{"rendered":"Sanepar abre Centrais de Relacionamento em todo o Paran\u00e1 neste s\u00e1bado"},"content":{"rendered":"\n<p><em><strong>A Sanepar vai abrir neste s\u00e1bado (13) as Centrais de Relacionamento de 34 cidades, para atendimento aos clientes de forma presencial. O atendimento ser\u00e1 das 8 horas da manh\u00e3 at\u00e9 o meio-dia. Os clientes podem solicitar qualquer servi\u00e7o, e tamb\u00e9m negociar o parcelamento de d\u00e9bitos.<\/strong><\/em><\/p>\n\n\n\n<figure class=\"wp-block-image size-full\"><img decoding=\"async\" src=\"https:\/\/radiostudiow.com.br\/site\/wp-content\/uploads\/2023\/08\/image-127.png\" alt=\"\" class=\"wp-image-14660\"\/><\/figure>\n\n\n\n<p>As fam\u00edlias que se enquadram nos crit\u00e9rios do programa\u00a0<a href=\"https:\/\/site.sanepar.com.br\/clientes\/tarifa-social-agua-solidaria\" target=\"_blank\" rel=\"noreferrer noopener\">\u00c1gua Solid\u00e1ria<\/a>\u00a0podem aproveitar para fazer a ades\u00e3o ao benef\u00edcio, que tem tarifa 77% mais barata do que a convencional. Os crit\u00e9rios do \u00c1gua Solid\u00e1ria s\u00e3o: renda de at\u00e9 meio sal\u00e1rio m\u00ednimo por pessoa, im\u00f3veis de at\u00e9 70 metros quadrados e consumo de at\u00e9 2,5 mil litros de \u00e1gua por m\u00eas\/pessoa.<\/p>\n\n\n\n<p>Os documentos necess\u00e1rios s\u00e3o a conta mensal de servi\u00e7os de \u00e1gua e esgoto da Sanepar; IPTU atual do im\u00f3vel, documento de autoriza\u00e7\u00e3o da prefeitura ou de autoridade superior; dos moradores: RG, CPF ou certid\u00e3o de nascimento para menores de 18 anos; Carteira de Trabalho e \u00faltimo contracheque e, para aposentados, o extrato do INSS (Instituto Nacional do Seguro Social) do \u00faltimo sal\u00e1rio.<\/p>\n\n\n\n<p>Caso n\u00e3o possua comprovante de renda, o cliente deve apresentar documento comprobat\u00f3rio de servi\u00e7os aut\u00f4nomos expedido por associa\u00e7\u00e3o de moradores ou clubes de servi\u00e7os, onde \u00e9 necess\u00e1rio constar a renda recebida, e em anexo c\u00f3pia da Ata da nomea\u00e7\u00e3o do presidente da entidade. Usu\u00e1rio cadastrado em algum benef\u00edcio dos Governos Federal, Estadual ou Municipal dever\u00e1 apresentar o \u00faltimo extrato contendo o valor recebido.<\/p>\n\n\n\n<figure class=\"wp-block-image size-full\"><img decoding=\"async\" src=\"https:\/\/radiostudiow.com.br\/site\/wp-content\/uploads\/2024\/01\/SITE-GRANDE5.png\" alt=\"\" class=\"wp-image-18704\"\/><\/figure>\n\n\n\n<p>No programa \u00c1gua Solid\u00e1ria, a tarifa de \u00e1gua (at\u00e9 5 m3) \u00e9 de R$ 13,10, enquanto na tarifa residencial normal \u00e9 de R$ 48,97. Para os mesmos 5 m3, o servi\u00e7o de \u00e1gua e esgoto fica em R$ 19,66 para os inscritos no \u00c1gua Solid\u00e1ria. Na tarifa normal, os dois servi\u00e7os custam R$ 88,16.<\/p>\n\n\n\n<p>\u00c9 importante lembrar que o cadastro dos clientes junto \u00e0 Sanepar precisa ser atualizado regularmente. Caso ocorra altera\u00e7\u00e3o no n\u00famero de moradores do im\u00f3vel ou da renda familiar ou se o cliente mudar de endere\u00e7o, \u00e9 necess\u00e1rio informar \u00e0 Sanepar a fim de que o benef\u00edcio do Programa \u00c1gua Solid\u00e1ria seja mantido.<\/p>\n\n\n\n<p><strong>OUTROS CANAIS<\/strong> \u2013 Al\u00e9m das Centrais de Atendimento, o cliente pode solicitar servi\u00e7os pelo telefone 0800 200 0115, pelo WhatsApp 41 99544-0115, pelo e-mail atendimentoaocliente@sanepar.com.br, pelo site www.sanepar.com.br (na parte de clientes).<\/p>\n\n\n\n<figure class=\"wp-block-image size-full\"><img decoding=\"async\" src=\"https:\/\/radiostudiow.com.br\/site\/wp-content\/uploads\/2023\/12\/SITE-PEQUENO3.png\" alt=\"\" class=\"wp-image-17616\"\/><\/figure>\n\n\n\n<p><strong>ALERTA<\/strong> \u2013 Ao buscar servi\u00e7os da Sanepar pela internet, os clientes devem redobrar a aten\u00e7\u00e3o para n\u00e3o entrarem em sites falsos, que simulam o site da Companhia e geralmente s\u00e3o patrocinados. O endere\u00e7o virtual da Sanepar \u00e9 www.sanepar.com.br.<\/p>\n\n\n\n<p><strong>Confira os endere\u00e7os:<\/strong><\/p>\n\n\n\n<p><strong>Almirante Tamandar\u00e9<\/strong> &#8211; Av. Em\u00edlio Jonhson, 930 \u2013 Centro<\/p>\n\n\n\n<p><strong>Arauc\u00e1ria<\/strong> &#8211; Rua Miguel B. Pizzato, 186<\/p>\n\n\n\n<p><strong>Campina Grande do Sul<\/strong> &#8211; Rua Leonardo Francischelli, 462 \u2013 Jardim Paulista<\/p>\n\n\n\n<p><strong>Campo Largo<\/strong> &#8211; Rua Vereador Arlindo Chemim, 148<\/p>\n\n\n\n<p><strong>Pinhais<\/strong> &#8211; Rua Dezenove de Novembro, 48 \u2013 Centro<\/p>\n\n\n\n<p><strong>Colombo <\/strong>&#8211; Rua Kelvin, 50 \u2013 Guarani | Rua XV de Novembro, 26, Loja 01 \u2013 Centro<\/p>\n\n\n\n<p><strong>Curitiba<\/strong><\/p>\n\n\n\n<p>Bairro Novo \u2013 Rua Tijucas do Sul, 1700<\/p>\n\n\n\n<p>Boa Vista \u2013 Avenida Paran\u00e1, 3600<\/p>\n\n\n\n<p>Cajuru \u2013 Avenida Prefeito Maur\u00edcio Fruet, 2150<\/p>\n\n\n\n<p>Carmo \u2013 Pra\u00e7a do Carmo, s\/n<\/p>\n\n\n\n<p>Fazendinha \u2013 Rua Carlos Klemtz, 1700<\/p>\n\n\n\n<p>Pinheirinho \u2013 Rua Jos\u00e9 Rodrigues Pinheiro, S\/N<\/p>\n\n\n\n<p>Rui Barbosa \u2013 Pra\u00e7a Rui Barbosa \u2013 Centro<\/p>\n\n\n\n<p>Santa Felicidade \u2013 Av. Santa Bertilla Boscardin, 100<\/p>\n\n\n\n<p><strong>Fazenda Rio Grande<\/strong> &#8211; Av. Paran\u00e1, 1408, loja 60<\/p>\n\n\n\n<p><strong>S\u00e3o Jos\u00e9 dos Pinhais<\/strong> &#8211; Rua Ver\u00edssimo Marques, 1100 \u2013 Centro<\/p>\n\n\n\n<p><strong>Rio Branco do Sul<\/strong> &#8211; Rua Domingos de Faria, 222 \u2013 Centro<\/p>\n\n\n\n<p><strong>Itaperu\u00e7u<\/strong> &#8211; Rua Salvador de Farias, 190 \u2013 Vila Cubas<\/p>\n\n\n\n<p><strong>Tatuquara<\/strong> &#8211; Rua Olivardo Konoroski Bueno, s\/n<\/p>\n\n\n\n<p><strong>Piraquara<\/strong> &#8211; Av. Get\u00falio Vargas, 1407<\/p>\n\n\n\n<p><strong>Guarapuava<\/strong> &#8211; Rua Azevedo Portugal, 1021 \u2013 Centro<\/p>\n\n\n\n<p><strong>Uni\u00e3o da Vit\u00f3ria<\/strong> &#8211; R. Visconde de Guarapuava, 80 \u2013 Porto Uni\u00e3o (SC)<\/p>\n\n\n\n<p><strong>Ponta Grossa<\/strong> &#8211; R. Baldu\u00edno Taques, 1150 \u2013 Centro<\/p>\n\n\n\n<p><strong>Tel\u00eamaco Borba<\/strong> &#8211; Av. Vice-Prefeito Reginaldo Guedes Nocera, 68<\/p>\n\n\n\n<p><strong>Foz do Igua\u00e7u<\/strong> &#8211; Rua Ant\u00f4nio Raposo, 693 \u2013 Centro<\/p>\n\n\n\n<p><strong>Cascavel<\/strong> &#8211; Rua S\u00e3o Paulo, 1060 \u2013 Centro<\/p>\n\n\n\n<p><strong>Toledo<\/strong> &#8211; Rua Guarani, 1893<\/p>\n\n\n\n<p><strong>Francisco Beltr\u00e3o<\/strong> &#8211; R. Ant\u00f4nio Carneiro Neto, 2493 \u2013 Alvorada<\/p>\n\n\n\n<p><strong>Pato Branco<\/strong> &#8211; Rua Clarice Soares Cerqueira, 185<\/p>\n\n\n\n<p><strong>Londrina<\/strong><\/p>\n\n\n\n<p>Rua Sergipe, 1738 \u2013 Centro<\/p>\n\n\n\n<p>Rua B\u00e9lgica, 1345<\/p>\n\n\n\n<p>Av. Saul Elkind, 3341 \u2013 Zona Norte<\/p>\n\n\n\n<p><strong>Camb\u00e9<\/strong>  &#8211; Av. Brasil, 200<\/p>\n\n\n\n<p><strong>Apucarana<\/strong> &#8211; Rua Galdino Gluck J\u00fanior, 280<\/p>\n\n\n\n<p><strong>Arapongas<\/strong> &#8211; Rua Condor, 916<\/p>\n\n\n\n<p><strong>Corn\u00e9lio Proc\u00f3pio<\/strong> &#8211; Rua Goi\u00e1s, 400<\/p>\n\n\n\n<p><strong>Santo Ant\u00f4nio da Platina<\/strong> &#8211; R. Mal. Deodoro da Fonseca, 373 \u2013 Centro<\/p>\n\n\n\n<p><strong>Maring\u00e1<\/strong> &#8211; Av. Prudente de Morais, 493 \u2013 Zona 7<\/p>\n\n\n\n<p><strong>Umuarama<\/strong> &#8211; Av. Presidente Castelo Brancos, 3525<\/p>\n\n\n\n<p><strong>Cruzeiro do Oeste<\/strong> &#8211; Av. Brasil, 2685<\/p>\n\n\n\n<p><strong>Cianorte<\/strong> &#8211; Pra\u00e7a Jo\u00e3o XXIII<\/p>\n\n\n\n<p><strong>Campo Mour\u00e3o<\/strong> &#8211; Av. Capit\u00e3o \u00cdndio Bandeira, 1620<\/p>\n\n\n\n<p><strong>Paranava\u00ed<\/strong> &#8211; Av. Presidente Juscelino Kubitschek, 780<\/p>\n","protected":false},"excerpt":{"rendered":"<p>A Sanepar vai abrir neste s\u00e1bado (13) as Centrais de Relacionamento de 34 cidades, para atendimento aos clientes de forma presencial. O atendimento ser\u00e1 das 8 horas da manh\u00e3 at\u00e9 o meio-dia. Os clientes podem solicitar qualquer servi\u00e7o, e tamb\u00e9m negociar o parcelamento de d\u00e9bitos. As fam\u00edlias que se enquadram nos crit\u00e9rios do programa\u00a0\u00c1gua Solid\u00e1ria\u00a0podem [&hellip;]<\/p>\n","protected":false},"author":2,"featured_media":18723,"comment_status":"open","ping_status":"open","sticky":false,"template":"","format":"standard","meta":{"footnotes":""},"categories":[7],"tags":[172],"class_list":["post-18722","post","type-post","status-publish","format-standard","has-post-thumbnail","hentry","category-geral","tag-featured"],"amp_enabled":true,"_links":{"self":[{"href":"https:\/\/radiostudiow.com.br\/site\/wp-json\/wp\/v2\/posts\/18722","targetHints":{"allow":["GET"]}}],"collection":[{"href":"https:\/\/radiostudiow.com.br\/site\/wp-json\/wp\/v2\/posts"}],"about":[{"href":"https:\/\/radiostudiow.com.br\/site\/wp-json\/wp\/v2\/types\/post"}],"author":[{"embeddable":true,"href":"https:\/\/radiostudiow.com.br\/site\/wp-json\/wp\/v2\/users\/2"}],"replies":[{"embeddable":true,"href":"https:\/\/radiostudiow.com.br\/site\/wp-json\/wp\/v2\/comments?post=18722"}],"version-history":[{"count":1,"href":"https:\/\/radiostudiow.com.br\/site\/wp-json\/wp\/v2\/posts\/18722\/revisions"}],"predecessor-version":[{"id":18724,"href":"https:\/\/radiostudiow.com.br\/site\/wp-json\/wp\/v2\/posts\/18722\/revisions\/18724"}],"wp:featuredmedia":[{"embeddable":true,"href":"https:\/\/radiostudiow.com.br\/site\/wp-json\/wp\/v2\/media\/18723"}],"wp:attachment":[{"href":"https:\/\/radiostudiow.com.br\/site\/wp-json\/wp\/v2\/media?parent=18722"}],"wp:term":[{"taxonomy":"category","embeddable":true,"href":"https:\/\/radiostudiow.com.br\/site\/wp-json\/wp\/v2\/categories?post=18722"},{"taxonomy":"post_tag","embeddable":true,"href":"https:\/\/radiostudiow.com.br\/site\/wp-json\/wp\/v2\/tags?post=18722"}],"curies":[{"name":"wp","href":"https:\/\/api.w.org\/{rel}","templated":true}]}}