{"id":18727,"date":"2024-01-13T09:37:42","date_gmt":"2024-01-13T12:37:42","guid":{"rendered":"https:\/\/radiostudiow.com.br\/site\/?p=18727"},"modified":"2025-01-31T15:02:20","modified_gmt":"2025-01-31T18:02:20","slug":"policia-militar-de-sao-mateus-do-sul-recupera-veiculo-com-alerta-de-furto","status":"publish","type":"post","link":"https:\/\/radiostudiow.com.br\/site\/2024\/01\/13\/policia-militar-de-sao-mateus-do-sul-recupera-veiculo-com-alerta-de-furto\/","title":{"rendered":"Pol\u00edcia Militar de S\u00e3o Mateus do Sul recupera veiculo com alerta de furto"},"content":{"rendered":"\n<p>A equipe da Policia Militar de S\u00e3o Mateus do Sul realizava patrulhamentos pelo centro quando avistou pessoas tirando objetos de um ve\u00edculo por volta das 18:40 horas da noite desta sexta-feira (12).<\/p>\n\n\n\n<p>Uma senhora que estava no port\u00e3o aguardando entrou rapidamente para dentro da resid\u00eancia ao notar a presen\u00e7a da equipe.<\/p>\n\n\n\n<figure class=\"wp-block-image size-full\"><img decoding=\"async\" src=\"https:\/\/radiostudiow.com.br\/site\/wp-content\/uploads\/2024\/01\/SITE-GRANDE5.png\" alt=\"\" class=\"wp-image-18704\"\/><\/figure>\n\n\n\n<p>Diante da suspeita foi realizada abordagem e feito buscas no individuo, sendo um masculino e foi constatado que o mesmo fazia uso de tornezeleira eletr\u00f4nica, n\u00e3o sendo nada de il\u00edcito encontrado com o mesmo.<\/p>\n\n\n\n<p>Ao serem questionados sobre a atividade informaram ser entregadores e estariam utilizando o ve\u00edculo para realizar entregas de encomendas.<\/p>\n\n\n\n<p>Nada foi localizado na busca veicular, porem ao consultar o sistema com rela\u00e7\u00e3o ao ve\u00edculo foi constatado que possu\u00eda alerta de furto.<\/p>\n\n\n\n<figure class=\"wp-block-image size-large\"><img decoding=\"async\" src=\"https:\/\/radiostudiow.com.br\/site\/wp-content\/uploads\/2024\/01\/image-5-1024x379.png\" alt=\"\" class=\"wp-image-18395\"\/><\/figure>\n\n\n\n<p>A mulher afirmou a equipe que alugou o ve\u00edculo de um rapaz na cidade de Curitiba e n\u00e3o tinha conhecimento que o mesmo estava com registro de furto.<\/p>\n\n\n\n<p>Diante da situa\u00e7\u00e3o as partes foram conduzidas at\u00e9 a 3\u00b0 SDP para serem tomadas as devidas providencias cab\u00edveis.<\/p>\n","protected":false},"excerpt":{"rendered":"<p>A equipe da Policia Militar de S\u00e3o Mateus do Sul realizava patrulhamentos pelo centro quando avistou pessoas tirando objetos de um ve\u00edculo por volta das 18:40 horas da noite desta sexta-feira (12). Uma senhora que estava no port\u00e3o aguardando entrou rapidamente para dentro da resid\u00eancia ao notar a presen\u00e7a da equipe. Diante da suspeita foi [&hellip;]<\/p>\n","protected":false},"author":2,"featured_media":18728,"comment_status":"open","ping_status":"open","sticky":false,"template":"","format":"standard","meta":{"footnotes":""},"categories":[2],"tags":[172],"class_list":["post-18727","post","type-post","status-publish","format-standard","has-post-thumbnail","hentry","category-policial","tag-featured"],"amp_enabled":true,"_links":{"self":[{"href":"https:\/\/radiostudiow.com.br\/site\/wp-json\/wp\/v2\/posts\/18727","targetHints":{"allow":["GET"]}}],"collection":[{"href":"https:\/\/radiostudiow.com.br\/site\/wp-json\/wp\/v2\/posts"}],"about":[{"href":"https:\/\/radiostudiow.com.br\/site\/wp-json\/wp\/v2\/types\/post"}],"author":[{"embeddable":true,"href":"https:\/\/radiostudiow.com.br\/site\/wp-json\/wp\/v2\/users\/2"}],"replies":[{"embeddable":true,"href":"https:\/\/radiostudiow.com.br\/site\/wp-json\/wp\/v2\/comments?post=18727"}],"version-history":[{"count":2,"href":"https:\/\/radiostudiow.com.br\/site\/wp-json\/wp\/v2\/posts\/18727\/revisions"}],"predecessor-version":[{"id":18731,"href":"https:\/\/radiostudiow.com.br\/site\/wp-json\/wp\/v2\/posts\/18727\/revisions\/18731"}],"wp:featuredmedia":[{"embeddable":true,"href":"https:\/\/radiostudiow.com.br\/site\/wp-json\/wp\/v2\/media\/18728"}],"wp:attachment":[{"href":"https:\/\/radiostudiow.com.br\/site\/wp-json\/wp\/v2\/media?parent=18727"}],"wp:term":[{"taxonomy":"category","embeddable":true,"href":"https:\/\/radiostudiow.com.br\/site\/wp-json\/wp\/v2\/categories?post=18727"},{"taxonomy":"post_tag","embeddable":true,"href":"https:\/\/radiostudiow.com.br\/site\/wp-json\/wp\/v2\/tags?post=18727"}],"curies":[{"name":"wp","href":"https:\/\/api.w.org\/{rel}","templated":true}]}}