{"id":18734,"date":"2024-01-13T12:30:32","date_gmt":"2024-01-13T15:30:32","guid":{"rendered":"https:\/\/radiostudiow.com.br\/site\/?p=18734"},"modified":"2025-01-31T15:02:20","modified_gmt":"2025-01-31T18:02:20","slug":"homem-procura-policia-apos-desacordo-comercial-com-empresa-em-general-carneiro","status":"publish","type":"post","link":"https:\/\/radiostudiow.com.br\/site\/2024\/01\/13\/homem-procura-policia-apos-desacordo-comercial-com-empresa-em-general-carneiro\/","title":{"rendered":"Homem procura pol\u00edcia ap\u00f3s desacordo comercial com empresa em General Carneiro"},"content":{"rendered":"\n<p>Um morador do bairro Vila Operaria compareceu ao Pelot\u00e3o da Pol\u00edcia Militar de General Carneiro por volta das 10:00 horas dessa sexta-feira, 12 de Janeiro, relatando uma situa\u00e7\u00e3o de estelionato.<\/p>\n\n\n\n<figure class=\"wp-block-image size-full\"><img loading=\"lazy\" decoding=\"async\" width=\"598\" height=\"204\" src=\"https:\/\/radiostudiow.com.br\/site\/wp-content\/uploads\/2023\/10\/SITE-MEDIO.png\" alt=\"\" class=\"wp-image-16319\" srcset=\"https:\/\/radiostudiow.com.br\/site\/wp-content\/uploads\/2023\/10\/SITE-MEDIO.png 598w, https:\/\/radiostudiow.com.br\/site\/wp-content\/uploads\/2023\/10\/SITE-MEDIO-300x102.png 300w\" sizes=\"auto, (max-width: 598px) 100vw, 598px\" \/><\/figure>\n\n\n\n<p>De acordo com a v\u00edtima, houve um desacordo comercial e estelionato, ele foi at\u00e9 a empresa onde trabalhava para assinar seu termo de rescis\u00e3o do contrato de trabalho e simultaneamente receber o valor que tem de direito, segundo o termo de quita\u00e7\u00e3o de rescis\u00e3o do contrato de trabalho apresentado.<\/p>\n\n\n\n<p>Solicitante relatou que ap\u00f3s ter assinado o termo de quita\u00e7\u00e3o, o s\u00f3cio do seu antigo empregador, falou para que n\u00e3o iria realizar o pagamento que a v\u00edtima teria direito, como havia assinado o termo de quita\u00e7\u00e3o e s\u00f3 iria de fato pagar o montante se a v\u00edtima \u201cEntrasse na Justi\u00e7a&#8221; para o cobrar.<\/p>\n\n\n\n<figure class=\"wp-block-image size-full\"><img decoding=\"async\" src=\"https:\/\/radiostudiow.com.br\/site\/wp-content\/uploads\/2024\/01\/SITE-GRANDE5.png\" alt=\"\" class=\"wp-image-18704\"\/><\/figure>\n","protected":false},"excerpt":{"rendered":"<p>Um morador do bairro Vila Operaria compareceu ao Pelot\u00e3o da Pol\u00edcia Militar de General Carneiro por volta das 10:00 horas dessa sexta-feira, 12 de Janeiro, relatando uma situa\u00e7\u00e3o de estelionato. De acordo com a v\u00edtima, houve um desacordo comercial e estelionato, ele foi at\u00e9 a empresa onde trabalhava para assinar seu termo de rescis\u00e3o do [&hellip;]<\/p>\n","protected":false},"author":2,"featured_media":0,"comment_status":"open","ping_status":"open","sticky":false,"template":"","format":"standard","meta":{"footnotes":""},"categories":[2],"tags":[172],"class_list":["post-18734","post","type-post","status-publish","format-standard","hentry","category-policial","tag-featured"],"amp_enabled":true,"_links":{"self":[{"href":"https:\/\/radiostudiow.com.br\/site\/wp-json\/wp\/v2\/posts\/18734","targetHints":{"allow":["GET"]}}],"collection":[{"href":"https:\/\/radiostudiow.com.br\/site\/wp-json\/wp\/v2\/posts"}],"about":[{"href":"https:\/\/radiostudiow.com.br\/site\/wp-json\/wp\/v2\/types\/post"}],"author":[{"embeddable":true,"href":"https:\/\/radiostudiow.com.br\/site\/wp-json\/wp\/v2\/users\/2"}],"replies":[{"embeddable":true,"href":"https:\/\/radiostudiow.com.br\/site\/wp-json\/wp\/v2\/comments?post=18734"}],"version-history":[{"count":2,"href":"https:\/\/radiostudiow.com.br\/site\/wp-json\/wp\/v2\/posts\/18734\/revisions"}],"predecessor-version":[{"id":18749,"href":"https:\/\/radiostudiow.com.br\/site\/wp-json\/wp\/v2\/posts\/18734\/revisions\/18749"}],"wp:attachment":[{"href":"https:\/\/radiostudiow.com.br\/site\/wp-json\/wp\/v2\/media?parent=18734"}],"wp:term":[{"taxonomy":"category","embeddable":true,"href":"https:\/\/radiostudiow.com.br\/site\/wp-json\/wp\/v2\/categories?post=18734"},{"taxonomy":"post_tag","embeddable":true,"href":"https:\/\/radiostudiow.com.br\/site\/wp-json\/wp\/v2\/tags?post=18734"}],"curies":[{"name":"wp","href":"https:\/\/api.w.org\/{rel}","templated":true}]}}