{"id":18737,"date":"2024-01-13T10:54:57","date_gmt":"2024-01-13T13:54:57","guid":{"rendered":"https:\/\/radiostudiow.com.br\/site\/?p=18737"},"modified":"2025-01-31T15:02:20","modified_gmt":"2025-01-31T18:02:20","slug":"homem-ameaca-a-mae-de-morte-dias-apos-sair-da-prisao-em-sao-mateus-do-sul","status":"publish","type":"post","link":"https:\/\/radiostudiow.com.br\/site\/2024\/01\/13\/homem-ameaca-a-mae-de-morte-dias-apos-sair-da-prisao-em-sao-mateus-do-sul\/","title":{"rendered":"Homem amea\u00e7a a m\u00e3e de morte dias ap\u00f3s sair da pris\u00e3o em S\u00e3o Mateus do Sul"},"content":{"rendered":"\n<p>A equipe da Pol\u00edcia Militar de S\u00e3o Mateus do Sul foi acionada no fim da manh\u00e3 de sexta-feira, 12 de janeiro, para ocorr\u00eancia em que solicitante relata ter medida protetiva contra seu filho e ele est\u00e1 na resid\u00eancia na \u00e1rea central da cidade.<\/p>\n\n\n\n<figure class=\"wp-block-image size-full\"><img decoding=\"async\" src=\"https:\/\/radiostudiow.com.br\/site\/wp-content\/uploads\/2023\/10\/SITE-GRANDE4.png\" alt=\"\" class=\"wp-image-16367\"\/><\/figure>\n\n\n\n<p>Os policiais no local entraram em contato com a solicitante, em que ela informou que seu filho saiu da pris\u00e3o faz alguns dias e voltou para a resid\u00eancia proferindo v\u00e1rios xingamentos como: \u201cvagabunda\u201d, \u201cputa\u201d e que tamb\u00e9m a amea\u00e7ou de morte dizendo que naquela casa algu\u00e9m iria morrer.<\/p>\n\n\n\n<p>Antes da chegada da equipe o indiv\u00edduo pulou o muro da parte de tr\u00e1s da resid\u00eancia, passou pelo terreno da vizinha e seguiu em sentido ignorado. Equipe realizou patrulhamento pelas redondezas e nada foi localizado.<\/p>\n\n\n\n<p>Diante da situa\u00e7\u00e3o a v\u00edtima foi orientada pela equipe policial, quanto aos procedimentos cab\u00edveis.<\/p>\n\n\n\n<figure class=\"wp-block-image size-full\"><img decoding=\"async\" src=\"https:\/\/radiostudiow.com.br\/site\/wp-content\/uploads\/2024\/01\/SITE-GRANDE5.png\" alt=\"\" class=\"wp-image-18704\"\/><\/figure>\n","protected":false},"excerpt":{"rendered":"<p>A equipe da Pol\u00edcia Militar de S\u00e3o Mateus do Sul foi acionada no fim da manh\u00e3 de sexta-feira, 12 de janeiro, para ocorr\u00eancia em que solicitante relata ter medida protetiva contra seu filho e ele est\u00e1 na resid\u00eancia na \u00e1rea central da cidade. Os policiais no local entraram em contato com a solicitante, em que [&hellip;]<\/p>\n","protected":false},"author":2,"featured_media":17774,"comment_status":"open","ping_status":"open","sticky":false,"template":"","format":"standard","meta":{"footnotes":""},"categories":[2],"tags":[172],"class_list":["post-18737","post","type-post","status-publish","format-standard","has-post-thumbnail","hentry","category-policial","tag-featured"],"amp_enabled":true,"_links":{"self":[{"href":"https:\/\/radiostudiow.com.br\/site\/wp-json\/wp\/v2\/posts\/18737","targetHints":{"allow":["GET"]}}],"collection":[{"href":"https:\/\/radiostudiow.com.br\/site\/wp-json\/wp\/v2\/posts"}],"about":[{"href":"https:\/\/radiostudiow.com.br\/site\/wp-json\/wp\/v2\/types\/post"}],"author":[{"embeddable":true,"href":"https:\/\/radiostudiow.com.br\/site\/wp-json\/wp\/v2\/users\/2"}],"replies":[{"embeddable":true,"href":"https:\/\/radiostudiow.com.br\/site\/wp-json\/wp\/v2\/comments?post=18737"}],"version-history":[{"count":2,"href":"https:\/\/radiostudiow.com.br\/site\/wp-json\/wp\/v2\/posts\/18737\/revisions"}],"predecessor-version":[{"id":18748,"href":"https:\/\/radiostudiow.com.br\/site\/wp-json\/wp\/v2\/posts\/18737\/revisions\/18748"}],"wp:featuredmedia":[{"embeddable":true,"href":"https:\/\/radiostudiow.com.br\/site\/wp-json\/wp\/v2\/media\/17774"}],"wp:attachment":[{"href":"https:\/\/radiostudiow.com.br\/site\/wp-json\/wp\/v2\/media?parent=18737"}],"wp:term":[{"taxonomy":"category","embeddable":true,"href":"https:\/\/radiostudiow.com.br\/site\/wp-json\/wp\/v2\/categories?post=18737"},{"taxonomy":"post_tag","embeddable":true,"href":"https:\/\/radiostudiow.com.br\/site\/wp-json\/wp\/v2\/tags?post=18737"}],"curies":[{"name":"wp","href":"https:\/\/api.w.org\/{rel}","templated":true}]}}