{"id":18739,"date":"2024-01-13T10:49:02","date_gmt":"2024-01-13T13:49:02","guid":{"rendered":"https:\/\/radiostudiow.com.br\/site\/?p=18739"},"modified":"2025-01-31T15:02:20","modified_gmt":"2025-01-31T18:02:20","slug":"jovem-morre-apos-disparos-de-arma-de-fogo-em-sao-mateus-do-sul","status":"publish","type":"post","link":"https:\/\/radiostudiow.com.br\/site\/2024\/01\/13\/jovem-morre-apos-disparos-de-arma-de-fogo-em-sao-mateus-do-sul\/","title":{"rendered":"Jovem morre ap\u00f3s disparos de arma de fogo em S\u00e3o Mateus do Sul"},"content":{"rendered":"\n<p>Mauri Castilho Moreira, 25 anos, morreu ap\u00f3s levar diversos disparos de arma de fogo na Vila Bom Jesus na manh\u00e3 deste s\u00e1bado (12).<\/p>\n\n\n\n<figure class=\"wp-block-image size-full\"><img decoding=\"async\" src=\"https:\/\/radiostudiow.com.br\/site\/wp-content\/uploads\/2023\/10\/SITE-GRANDE2.png\" alt=\"\" class=\"wp-image-16368\"\/><\/figure>\n\n\n\n<p>A equipe policial foi acionada para atendimento \u00e0 ocorr\u00eancia ap\u00f3s um jovem dar entrada no hospital com ferimento a arma de fogo.<\/p>\n\n\n\n<p>A v\u00edtima foi levada por familiares at\u00e9 o Pronto Atendimento Municipal, por\u00e9m chegou no local j\u00e1 sem vida. Mauri acabou morrendo ap\u00f3s tr\u00eas disparos de arma de fogo.<\/p>\n\n\n\n<p>De acordo com a Pol\u00edcia, ele possui passagem policial por tr\u00e1fico de drogas, amea\u00e7a e recepta\u00e7\u00e3o.<\/p>\n\n\n\n<figure class=\"wp-block-image size-full\"><img decoding=\"async\" src=\"https:\/\/radiostudiow.com.br\/site\/wp-content\/uploads\/2024\/01\/SITE-GRANDE5.png\" alt=\"\" class=\"wp-image-18704\"\/><\/figure>\n\n\n\n<p>Instituto M\u00e9dico Legal (IML) de Uni\u00e3o da Vit\u00f3ria, foi acionado para atendimento \u00e0 ocorr\u00eancia, bem como Pol\u00edcia Civil. Ainda n\u00e3o h\u00e1 suspeita das pessoas envolvidas no homic\u00eddio.<\/p>\n","protected":false},"excerpt":{"rendered":"<p>Mauri Castilho Moreira, 25 anos, morreu ap\u00f3s levar diversos disparos de arma de fogo na Vila Bom Jesus na manh\u00e3 deste s\u00e1bado (12). A equipe policial foi acionada para atendimento \u00e0 ocorr\u00eancia ap\u00f3s um jovem dar entrada no hospital com ferimento a arma de fogo. A v\u00edtima foi levada por familiares at\u00e9 o Pronto Atendimento [&hellip;]<\/p>\n","protected":false},"author":2,"featured_media":18740,"comment_status":"open","ping_status":"open","sticky":false,"template":"","format":"standard","meta":{"footnotes":""},"categories":[2],"tags":[172],"class_list":["post-18739","post","type-post","status-publish","format-standard","has-post-thumbnail","hentry","category-policial","tag-featured"],"amp_enabled":true,"_links":{"self":[{"href":"https:\/\/radiostudiow.com.br\/site\/wp-json\/wp\/v2\/posts\/18739","targetHints":{"allow":["GET"]}}],"collection":[{"href":"https:\/\/radiostudiow.com.br\/site\/wp-json\/wp\/v2\/posts"}],"about":[{"href":"https:\/\/radiostudiow.com.br\/site\/wp-json\/wp\/v2\/types\/post"}],"author":[{"embeddable":true,"href":"https:\/\/radiostudiow.com.br\/site\/wp-json\/wp\/v2\/users\/2"}],"replies":[{"embeddable":true,"href":"https:\/\/radiostudiow.com.br\/site\/wp-json\/wp\/v2\/comments?post=18739"}],"version-history":[{"count":2,"href":"https:\/\/radiostudiow.com.br\/site\/wp-json\/wp\/v2\/posts\/18739\/revisions"}],"predecessor-version":[{"id":18746,"href":"https:\/\/radiostudiow.com.br\/site\/wp-json\/wp\/v2\/posts\/18739\/revisions\/18746"}],"wp:featuredmedia":[{"embeddable":true,"href":"https:\/\/radiostudiow.com.br\/site\/wp-json\/wp\/v2\/media\/18740"}],"wp:attachment":[{"href":"https:\/\/radiostudiow.com.br\/site\/wp-json\/wp\/v2\/media?parent=18739"}],"wp:term":[{"taxonomy":"category","embeddable":true,"href":"https:\/\/radiostudiow.com.br\/site\/wp-json\/wp\/v2\/categories?post=18739"},{"taxonomy":"post_tag","embeddable":true,"href":"https:\/\/radiostudiow.com.br\/site\/wp-json\/wp\/v2\/tags?post=18739"}],"curies":[{"name":"wp","href":"https:\/\/api.w.org\/{rel}","templated":true}]}}