{"id":18742,"date":"2024-01-13T10:41:23","date_gmt":"2024-01-13T13:41:23","guid":{"rendered":"https:\/\/radiostudiow.com.br\/site\/?p=18742"},"modified":"2025-01-31T15:02:20","modified_gmt":"2025-01-31T18:02:20","slug":"justica-decreta-prisao-de-mae-biologica-da-menina-agata-raptada-em-cascavel-o-casal-e-a-crianca-continuam-desaparecidos","status":"publish","type":"post","link":"https:\/\/radiostudiow.com.br\/site\/2024\/01\/13\/justica-decreta-prisao-de-mae-biologica-da-menina-agata-raptada-em-cascavel-o-casal-e-a-crianca-continuam-desaparecidos\/","title":{"rendered":"Justi\u00e7a decreta pris\u00e3o de m\u00e3e biol\u00f3gica da menina \u00c1gata, raptada em Cascavel. O casal e a crian\u00e7a continuam desaparecidos"},"content":{"rendered":"\n<p>A Justi\u00e7a decretou a pris\u00e3o da jovem de 18 anos, m\u00e3e biol\u00f3gica de\u00a0\u00c1gata Sofia Saraiva, 3 anos, que foi raptada em Cascavel na tarde de quinta-feira (11). Justi\u00e7a tamb\u00e9m decretou a pris\u00e3o ao namorado da autora que participou do crime.<\/p>\n\n\n\n<figure class=\"wp-block-image size-full\"><img loading=\"lazy\" decoding=\"async\" width=\"897\" height=\"204\" src=\"https:\/\/radiostudiow.com.br\/site\/wp-content\/uploads\/2023\/10\/SITE-GRANDE.png\" alt=\"\" class=\"wp-image-16338\" srcset=\"https:\/\/radiostudiow.com.br\/site\/wp-content\/uploads\/2023\/10\/SITE-GRANDE.png 897w, https:\/\/radiostudiow.com.br\/site\/wp-content\/uploads\/2023\/10\/SITE-GRANDE-300x68.png 300w, https:\/\/radiostudiow.com.br\/site\/wp-content\/uploads\/2023\/10\/SITE-GRANDE-768x175.png 768w\" sizes=\"auto, (max-width: 897px) 100vw, 897px\" \/><\/figure>\n\n\n\n<p>Os mandados foram expedidos no fim da tarde desta sexta-feira, 12 de janeiro de 2024.<\/p>\n\n\n\n<p>Na quinta, um carro prata parou em frente \u00e0 casa onde \u00c1gata mora com uma fam\u00edlia acolhedora, que se disp\u00f5em a cuidar de crian\u00e7as que est\u00e3o aos cuidados do servi\u00e7o social por motivos diversos. \u00c1gata foi tirada de m\u00e3e biol\u00f3gica logo que nasceu.<\/p>\n\n\n\n<p>O port\u00e3o estava aberto. Os suspeitos no ve\u00edculo chamaram a garota e, quando ela se aproximou, a colocaram no carro e a levaram embora.<\/p>\n\n\n\n<p><strong>O\u00a0carro foi localizado na madrugada\u00a0desta sexta em Cascavel. O ve\u00edculo, conforme a pol\u00edcia, pertence ao namorado do autora. O casal e a pequena \u00c1gata, contudo, ainda est\u00e3o desaparecidos.<\/strong><\/p>\n\n\n\n<figure class=\"wp-block-image size-full\"><img decoding=\"async\" src=\"https:\/\/radiostudiow.com.br\/site\/wp-content\/uploads\/2024\/01\/SITE-GRANDE5.png\" alt=\"\" class=\"wp-image-18704\"\/><\/figure>\n\n\n\n<figure class=\"wp-block-image size-full\"><img loading=\"lazy\" decoding=\"async\" width=\"600\" height=\"600\" src=\"https:\/\/radiostudiow.com.br\/site\/wp-content\/uploads\/2024\/01\/image-40.png\" alt=\"\" class=\"wp-image-18744\" srcset=\"https:\/\/radiostudiow.com.br\/site\/wp-content\/uploads\/2024\/01\/image-40.png 600w, https:\/\/radiostudiow.com.br\/site\/wp-content\/uploads\/2024\/01\/image-40-300x300.png 300w, https:\/\/radiostudiow.com.br\/site\/wp-content\/uploads\/2024\/01\/image-40-80x80.png 80w\" sizes=\"auto, (max-width: 600px) 100vw, 600px\" \/><\/figure>\n\n\n\n<p><\/p>\n","protected":false},"excerpt":{"rendered":"<p>A Justi\u00e7a decretou a pris\u00e3o da jovem de 18 anos, m\u00e3e biol\u00f3gica de\u00a0\u00c1gata Sofia Saraiva, 3 anos, que foi raptada em Cascavel na tarde de quinta-feira (11). Justi\u00e7a tamb\u00e9m decretou a pris\u00e3o ao namorado da autora que participou do crime. Os mandados foram expedidos no fim da tarde desta sexta-feira, 12 de janeiro de 2024. [&hellip;]<\/p>\n","protected":false},"author":2,"featured_media":18694,"comment_status":"open","ping_status":"open","sticky":false,"template":"","format":"standard","meta":{"footnotes":""},"categories":[2],"tags":[172],"class_list":["post-18742","post","type-post","status-publish","format-standard","has-post-thumbnail","hentry","category-policial","tag-featured"],"amp_enabled":true,"_links":{"self":[{"href":"https:\/\/radiostudiow.com.br\/site\/wp-json\/wp\/v2\/posts\/18742","targetHints":{"allow":["GET"]}}],"collection":[{"href":"https:\/\/radiostudiow.com.br\/site\/wp-json\/wp\/v2\/posts"}],"about":[{"href":"https:\/\/radiostudiow.com.br\/site\/wp-json\/wp\/v2\/types\/post"}],"author":[{"embeddable":true,"href":"https:\/\/radiostudiow.com.br\/site\/wp-json\/wp\/v2\/users\/2"}],"replies":[{"embeddable":true,"href":"https:\/\/radiostudiow.com.br\/site\/wp-json\/wp\/v2\/comments?post=18742"}],"version-history":[{"count":1,"href":"https:\/\/radiostudiow.com.br\/site\/wp-json\/wp\/v2\/posts\/18742\/revisions"}],"predecessor-version":[{"id":18745,"href":"https:\/\/radiostudiow.com.br\/site\/wp-json\/wp\/v2\/posts\/18742\/revisions\/18745"}],"wp:featuredmedia":[{"embeddable":true,"href":"https:\/\/radiostudiow.com.br\/site\/wp-json\/wp\/v2\/media\/18694"}],"wp:attachment":[{"href":"https:\/\/radiostudiow.com.br\/site\/wp-json\/wp\/v2\/media?parent=18742"}],"wp:term":[{"taxonomy":"category","embeddable":true,"href":"https:\/\/radiostudiow.com.br\/site\/wp-json\/wp\/v2\/categories?post=18742"},{"taxonomy":"post_tag","embeddable":true,"href":"https:\/\/radiostudiow.com.br\/site\/wp-json\/wp\/v2\/tags?post=18742"}],"curies":[{"name":"wp","href":"https:\/\/api.w.org\/{rel}","templated":true}]}}