{"id":18755,"date":"2024-01-13T12:57:56","date_gmt":"2024-01-13T15:57:56","guid":{"rendered":"https:\/\/radiostudiow.com.br\/site\/?p=18755"},"modified":"2025-01-31T15:02:20","modified_gmt":"2025-01-31T18:02:20","slug":"homem-e-preso-durante-fuga-apos-furtar-picanha-em-supermercado-de-uniao-da-vitoria","status":"publish","type":"post","link":"https:\/\/radiostudiow.com.br\/site\/2024\/01\/13\/homem-e-preso-durante-fuga-apos-furtar-picanha-em-supermercado-de-uniao-da-vitoria\/","title":{"rendered":"Homem \u00e9 preso durante fuga ap\u00f3s furtar picanha em supermercado de Uni\u00e3o da Vit\u00f3ria"},"content":{"rendered":"\n<p>Um homem que n\u00e3o teve o nome divulgado, mas que \u00e9 conhecido pela pr\u00e1tica de delitos, foi preso ap\u00f3s furtar picanha em um supermercado na \u00e1rea central de Uni\u00e3o da Vit\u00f3ria por volta das 15:15 horas dessa sexta-feira (12).<\/p>\n\n\n\n<figure class=\"wp-block-image size-full\"><img loading=\"lazy\" decoding=\"async\" width=\"598\" height=\"204\" src=\"https:\/\/radiostudiow.com.br\/site\/wp-content\/uploads\/2023\/12\/SITE-MEDIO4.png\" alt=\"\" class=\"wp-image-17598\" srcset=\"https:\/\/radiostudiow.com.br\/site\/wp-content\/uploads\/2023\/12\/SITE-MEDIO4.png 598w, https:\/\/radiostudiow.com.br\/site\/wp-content\/uploads\/2023\/12\/SITE-MEDIO4-300x102.png 300w\" sizes=\"auto, (max-width: 598px) 100vw, 598px\" \/><\/figure>\n\n\n\n<p>Conforme informa\u00e7\u00f5es, o homem adentrou no mercado e foi flagrado escondendo uma pe\u00e7a de picanha embaixo da camiseta. Ao ser abordado pela seguran\u00e7a, ele tentou fugir, no entanto, foi reconhecido por outra v\u00edtima que tinha sido furtada em momento anterior, o qual prestou apoio ao seguran\u00e7a na persegui\u00e7\u00e3o.<\/p>\n\n\n\n<p>O ladr\u00e3o foi contido e precisou ser encaminhado para atendimento m\u00e9dico antes de ser entregue na delegacia para provid\u00eancias. Imagens de c\u00e2meras de monitoramento comprovaram o crime e foram entregues para a Pol\u00edcia.<\/p>\n\n\n\n<figure class=\"wp-block-image size-full\"><img decoding=\"async\" src=\"https:\/\/radiostudiow.com.br\/site\/wp-content\/uploads\/2024\/01\/SITE-GRANDE5.png\" alt=\"\" class=\"wp-image-18704\"\/><\/figure>\n","protected":false},"excerpt":{"rendered":"<p>Um homem que n\u00e3o teve o nome divulgado, mas que \u00e9 conhecido pela pr\u00e1tica de delitos, foi preso ap\u00f3s furtar picanha em um supermercado na \u00e1rea central de Uni\u00e3o da Vit\u00f3ria por volta das 15:15 horas dessa sexta-feira (12). Conforme informa\u00e7\u00f5es, o homem adentrou no mercado e foi flagrado escondendo uma pe\u00e7a de picanha embaixo [&hellip;]<\/p>\n","protected":false},"author":2,"featured_media":14208,"comment_status":"open","ping_status":"open","sticky":false,"template":"","format":"standard","meta":{"footnotes":""},"categories":[2],"tags":[172],"class_list":["post-18755","post","type-post","status-publish","format-standard","has-post-thumbnail","hentry","category-policial","tag-featured"],"amp_enabled":true,"_links":{"self":[{"href":"https:\/\/radiostudiow.com.br\/site\/wp-json\/wp\/v2\/posts\/18755","targetHints":{"allow":["GET"]}}],"collection":[{"href":"https:\/\/radiostudiow.com.br\/site\/wp-json\/wp\/v2\/posts"}],"about":[{"href":"https:\/\/radiostudiow.com.br\/site\/wp-json\/wp\/v2\/types\/post"}],"author":[{"embeddable":true,"href":"https:\/\/radiostudiow.com.br\/site\/wp-json\/wp\/v2\/users\/2"}],"replies":[{"embeddable":true,"href":"https:\/\/radiostudiow.com.br\/site\/wp-json\/wp\/v2\/comments?post=18755"}],"version-history":[{"count":1,"href":"https:\/\/radiostudiow.com.br\/site\/wp-json\/wp\/v2\/posts\/18755\/revisions"}],"predecessor-version":[{"id":18756,"href":"https:\/\/radiostudiow.com.br\/site\/wp-json\/wp\/v2\/posts\/18755\/revisions\/18756"}],"wp:featuredmedia":[{"embeddable":true,"href":"https:\/\/radiostudiow.com.br\/site\/wp-json\/wp\/v2\/media\/14208"}],"wp:attachment":[{"href":"https:\/\/radiostudiow.com.br\/site\/wp-json\/wp\/v2\/media?parent=18755"}],"wp:term":[{"taxonomy":"category","embeddable":true,"href":"https:\/\/radiostudiow.com.br\/site\/wp-json\/wp\/v2\/categories?post=18755"},{"taxonomy":"post_tag","embeddable":true,"href":"https:\/\/radiostudiow.com.br\/site\/wp-json\/wp\/v2\/tags?post=18755"}],"curies":[{"name":"wp","href":"https:\/\/api.w.org\/{rel}","templated":true}]}}