{"id":18762,"date":"2024-01-15T10:25:20","date_gmt":"2024-01-15T13:25:20","guid":{"rendered":"https:\/\/radiostudiow.com.br\/site\/?p=18762"},"modified":"2025-01-31T15:02:20","modified_gmt":"2025-01-31T18:02:20","slug":"homem-de-39-anos-e-encontrado-morto-no-rio-iguacu","status":"publish","type":"post","link":"https:\/\/radiostudiow.com.br\/site\/2024\/01\/15\/homem-de-39-anos-e-encontrado-morto-no-rio-iguacu\/","title":{"rendered":"Homem de 39 anos \u00e9 encontrado morto no Rio Igua\u00e7u"},"content":{"rendered":"\n<p>Ant\u00f4nio C\u00e9sar Peres, 39 anos, foi encontrado sem vida nas \u00e1guas do Rio Igua\u00e7u na manh\u00e3 de domingo (14).<\/p>\n\n\n\n<figure class=\"wp-block-image size-full\"><img decoding=\"async\" src=\"https:\/\/radiostudiow.com.br\/site\/wp-content\/uploads\/2023\/10\/SITE-GRANDE4.png\" alt=\"\" class=\"wp-image-16367\"\/><\/figure>\n\n\n\n<p>De acordo com a equipe de Bombeiros, o corpo foi encontrado por um pescador no momento em que ele puxava a linha de pesca.<\/p>\n\n\n\n<p>O homem n\u00e3o apresentava nenhuma les\u00e3o aparente e n\u00e3o estava em estado de decomposi\u00e7\u00e3o. O corpo foi encaminhado ao IML e teve a confirma\u00e7\u00e3o da identifica\u00e7\u00e3o.<\/p>\n\n\n\n<figure class=\"wp-block-image size-full\"><img decoding=\"async\" src=\"https:\/\/radiostudiow.com.br\/site\/wp-content\/uploads\/2024\/01\/SITE-GRANDE5.png\" alt=\"\" class=\"wp-image-18704\"\/><\/figure>\n","protected":false},"excerpt":{"rendered":"<p>Ant\u00f4nio C\u00e9sar Peres, 39 anos, foi encontrado sem vida nas \u00e1guas do Rio Igua\u00e7u na manh\u00e3 de domingo (14). De acordo com a equipe de Bombeiros, o corpo foi encontrado por um pescador no momento em que ele puxava a linha de pesca. O homem n\u00e3o apresentava nenhuma les\u00e3o aparente e n\u00e3o estava em estado [&hellip;]<\/p>\n","protected":false},"author":2,"featured_media":18763,"comment_status":"open","ping_status":"open","sticky":false,"template":"","format":"standard","meta":{"footnotes":""},"categories":[185],"tags":[172],"class_list":["post-18762","post","type-post","status-publish","format-standard","has-post-thumbnail","hentry","category-regional","tag-featured"],"amp_enabled":true,"_links":{"self":[{"href":"https:\/\/radiostudiow.com.br\/site\/wp-json\/wp\/v2\/posts\/18762","targetHints":{"allow":["GET"]}}],"collection":[{"href":"https:\/\/radiostudiow.com.br\/site\/wp-json\/wp\/v2\/posts"}],"about":[{"href":"https:\/\/radiostudiow.com.br\/site\/wp-json\/wp\/v2\/types\/post"}],"author":[{"embeddable":true,"href":"https:\/\/radiostudiow.com.br\/site\/wp-json\/wp\/v2\/users\/2"}],"replies":[{"embeddable":true,"href":"https:\/\/radiostudiow.com.br\/site\/wp-json\/wp\/v2\/comments?post=18762"}],"version-history":[{"count":1,"href":"https:\/\/radiostudiow.com.br\/site\/wp-json\/wp\/v2\/posts\/18762\/revisions"}],"predecessor-version":[{"id":18764,"href":"https:\/\/radiostudiow.com.br\/site\/wp-json\/wp\/v2\/posts\/18762\/revisions\/18764"}],"wp:featuredmedia":[{"embeddable":true,"href":"https:\/\/radiostudiow.com.br\/site\/wp-json\/wp\/v2\/media\/18763"}],"wp:attachment":[{"href":"https:\/\/radiostudiow.com.br\/site\/wp-json\/wp\/v2\/media?parent=18762"}],"wp:term":[{"taxonomy":"category","embeddable":true,"href":"https:\/\/radiostudiow.com.br\/site\/wp-json\/wp\/v2\/categories?post=18762"},{"taxonomy":"post_tag","embeddable":true,"href":"https:\/\/radiostudiow.com.br\/site\/wp-json\/wp\/v2\/tags?post=18762"}],"curies":[{"name":"wp","href":"https:\/\/api.w.org\/{rel}","templated":true}]}}