{"id":18768,"date":"2024-01-15T10:49:25","date_gmt":"2024-01-15T13:49:25","guid":{"rendered":"https:\/\/radiostudiow.com.br\/site\/?p=18768"},"modified":"2025-01-31T15:02:20","modified_gmt":"2025-01-31T18:02:20","slug":"motorista-sob-efeito-de-drogas-e-preso-em-uniao-da-vitoria","status":"publish","type":"post","link":"https:\/\/radiostudiow.com.br\/site\/2024\/01\/15\/motorista-sob-efeito-de-drogas-e-preso-em-uniao-da-vitoria\/","title":{"rendered":"Motorista sob efeito de drogas \u00e9 preso em Uni\u00e3o da Vit\u00f3ria"},"content":{"rendered":"\n<p>Um motorista foi preso por estar conduzindo um caminh\u00e3o sob efeito de drogas em Uni\u00e3o da Vit\u00f3ria. A situa\u00e7\u00e3o ocorreu por volta das 21:25 horas desse s\u00e1bado (13).<\/p>\n\n\n\n<figure class=\"wp-block-image size-full\"><img loading=\"lazy\" decoding=\"async\" width=\"897\" height=\"204\" src=\"https:\/\/radiostudiow.com.br\/site\/wp-content\/uploads\/2023\/10\/SITE-GRANDE3.png\" alt=\"\" class=\"wp-image-16341\" srcset=\"https:\/\/radiostudiow.com.br\/site\/wp-content\/uploads\/2023\/10\/SITE-GRANDE3.png 897w, https:\/\/radiostudiow.com.br\/site\/wp-content\/uploads\/2023\/10\/SITE-GRANDE3-300x68.png 300w, https:\/\/radiostudiow.com.br\/site\/wp-content\/uploads\/2023\/10\/SITE-GRANDE3-768x175.png 768w\" sizes=\"auto, (max-width: 897px) 100vw, 897px\" \/><\/figure>\n\n\n\n<p>De acordo com informa\u00e7\u00f5es, a Pol\u00edcia Militar foi acionada para deslocar at\u00e9 o bairro S\u00e3o Bas\u00edlio Magno, onde o SAMU j\u00e1 estava presente prestando atendimento ao motorista que precisou ser encaminhado at\u00e9 a Unidade de Pronto Atendimento \u2013 UPA para cuidados m\u00e9dicos, antes de ser conduzido at\u00e9 a delegacia.<\/p>\n\n\n\n<p>No caminh\u00e3o, a Pol\u00edcia encontrou uma bucha de coca\u00edna em um prato pesando aproximadamente 2,4g. A droga tamb\u00e9m foi apreendida e entregue na delegacia.<\/p>\n\n\n\n<figure class=\"wp-block-image size-full\"><img decoding=\"async\" src=\"https:\/\/radiostudiow.com.br\/site\/wp-content\/uploads\/2024\/01\/SITE-GRANDE5.png\" alt=\"\" class=\"wp-image-18704\"\/><\/figure>\n","protected":false},"excerpt":{"rendered":"<p>Um motorista foi preso por estar conduzindo um caminh\u00e3o sob efeito de drogas em Uni\u00e3o da Vit\u00f3ria. A situa\u00e7\u00e3o ocorreu por volta das 21:25 horas desse s\u00e1bado (13). De acordo com informa\u00e7\u00f5es, a Pol\u00edcia Militar foi acionada para deslocar at\u00e9 o bairro S\u00e3o Bas\u00edlio Magno, onde o SAMU j\u00e1 estava presente prestando atendimento ao motorista [&hellip;]<\/p>\n","protected":false},"author":2,"featured_media":18707,"comment_status":"open","ping_status":"open","sticky":false,"template":"","format":"standard","meta":{"footnotes":""},"categories":[2],"tags":[172],"class_list":["post-18768","post","type-post","status-publish","format-standard","has-post-thumbnail","hentry","category-policial","tag-featured"],"amp_enabled":true,"_links":{"self":[{"href":"https:\/\/radiostudiow.com.br\/site\/wp-json\/wp\/v2\/posts\/18768","targetHints":{"allow":["GET"]}}],"collection":[{"href":"https:\/\/radiostudiow.com.br\/site\/wp-json\/wp\/v2\/posts"}],"about":[{"href":"https:\/\/radiostudiow.com.br\/site\/wp-json\/wp\/v2\/types\/post"}],"author":[{"embeddable":true,"href":"https:\/\/radiostudiow.com.br\/site\/wp-json\/wp\/v2\/users\/2"}],"replies":[{"embeddable":true,"href":"https:\/\/radiostudiow.com.br\/site\/wp-json\/wp\/v2\/comments?post=18768"}],"version-history":[{"count":2,"href":"https:\/\/radiostudiow.com.br\/site\/wp-json\/wp\/v2\/posts\/18768\/revisions"}],"predecessor-version":[{"id":18774,"href":"https:\/\/radiostudiow.com.br\/site\/wp-json\/wp\/v2\/posts\/18768\/revisions\/18774"}],"wp:featuredmedia":[{"embeddable":true,"href":"https:\/\/radiostudiow.com.br\/site\/wp-json\/wp\/v2\/media\/18707"}],"wp:attachment":[{"href":"https:\/\/radiostudiow.com.br\/site\/wp-json\/wp\/v2\/media?parent=18768"}],"wp:term":[{"taxonomy":"category","embeddable":true,"href":"https:\/\/radiostudiow.com.br\/site\/wp-json\/wp\/v2\/categories?post=18768"},{"taxonomy":"post_tag","embeddable":true,"href":"https:\/\/radiostudiow.com.br\/site\/wp-json\/wp\/v2\/tags?post=18768"}],"curies":[{"name":"wp","href":"https:\/\/api.w.org\/{rel}","templated":true}]}}