{"id":18775,"date":"2024-01-15T10:58:14","date_gmt":"2024-01-15T13:58:14","guid":{"rendered":"https:\/\/radiostudiow.com.br\/site\/?p=18775"},"modified":"2025-01-31T15:02:19","modified_gmt":"2025-01-31T18:02:19","slug":"morador-de-sao-joao-do-triunfo-morre-apos-acidente-com-carroca","status":"publish","type":"post","link":"https:\/\/radiostudiow.com.br\/site\/2024\/01\/15\/morador-de-sao-joao-do-triunfo-morre-apos-acidente-com-carroca\/","title":{"rendered":"Morador de S\u00e3o Jo\u00e3o do Triunfo morre ap\u00f3s acidente com carro\u00e7a"},"content":{"rendered":"\n<p>A equipe do SAMU de S\u00e3o Jo\u00e3o do Triunfo foi acionada para atender um acidente envolvendo carro\u00e7a na comunidade de Faxinal dos Rodrigues por volta das 15:00 horas deste s\u00e1bado (13).<\/p>\n\n\n\n<figure class=\"wp-block-image size-large\"><img decoding=\"async\" src=\"https:\/\/radiostudiow.com.br\/site\/wp-content\/uploads\/2024\/01\/image-5-1024x379.png\" alt=\"\" class=\"wp-image-18395\"\/><\/figure>\n\n\n\n<p>No local foi constatado o fato e prestado atendimento para um homem que estava em estado grave, sendo de imediato realizado os procedimentos protocolares de atendimento e encaminhado para o Hospital Imaculada Concei\u00e7\u00e3o.<\/p>\n\n\n\n<p>Ao chegar na unidade o mesmo sofreu uma parada cardiorrespirat\u00f3ria, foi reanimado mas em seguida acabou entrando em \u00f3bito.<\/p>\n\n\n\n<p>Segundo informa\u00e7\u00f5es a carro\u00e7a disparou em uma descida e ao fazer uma curva acabou tombando.<\/p>\n\n\n\n<figure class=\"wp-block-image size-full\"><img decoding=\"async\" src=\"https:\/\/radiostudiow.com.br\/site\/wp-content\/uploads\/2024\/01\/SITE-GRANDE5.png\" alt=\"\" class=\"wp-image-18704\"\/><\/figure>\n\n\n\n<p>O homem foi identificado como Sergio Ad\u00e3o de Souza 38 anos, morador da comunidade do Imbuial munic\u00edpio de Ant\u00f4nio Olinto.<\/p>\n\n\n\n<p>Corpo encaminhado para o IML de Uni\u00e3o da Vitoria.<\/p>\n","protected":false},"excerpt":{"rendered":"<p>A equipe do SAMU de S\u00e3o Jo\u00e3o do Triunfo foi acionada para atender um acidente envolvendo carro\u00e7a na comunidade de Faxinal dos Rodrigues por volta das 15:00 horas deste s\u00e1bado (13). No local foi constatado o fato e prestado atendimento para um homem que estava em estado grave, sendo de imediato realizado os procedimentos protocolares [&hellip;]<\/p>\n","protected":false},"author":2,"featured_media":18776,"comment_status":"open","ping_status":"open","sticky":false,"template":"","format":"standard","meta":{"footnotes":""},"categories":[185],"tags":[172],"class_list":["post-18775","post","type-post","status-publish","format-standard","has-post-thumbnail","hentry","category-regional","tag-featured"],"amp_enabled":true,"_links":{"self":[{"href":"https:\/\/radiostudiow.com.br\/site\/wp-json\/wp\/v2\/posts\/18775","targetHints":{"allow":["GET"]}}],"collection":[{"href":"https:\/\/radiostudiow.com.br\/site\/wp-json\/wp\/v2\/posts"}],"about":[{"href":"https:\/\/radiostudiow.com.br\/site\/wp-json\/wp\/v2\/types\/post"}],"author":[{"embeddable":true,"href":"https:\/\/radiostudiow.com.br\/site\/wp-json\/wp\/v2\/users\/2"}],"replies":[{"embeddable":true,"href":"https:\/\/radiostudiow.com.br\/site\/wp-json\/wp\/v2\/comments?post=18775"}],"version-history":[{"count":1,"href":"https:\/\/radiostudiow.com.br\/site\/wp-json\/wp\/v2\/posts\/18775\/revisions"}],"predecessor-version":[{"id":18777,"href":"https:\/\/radiostudiow.com.br\/site\/wp-json\/wp\/v2\/posts\/18775\/revisions\/18777"}],"wp:featuredmedia":[{"embeddable":true,"href":"https:\/\/radiostudiow.com.br\/site\/wp-json\/wp\/v2\/media\/18776"}],"wp:attachment":[{"href":"https:\/\/radiostudiow.com.br\/site\/wp-json\/wp\/v2\/media?parent=18775"}],"wp:term":[{"taxonomy":"category","embeddable":true,"href":"https:\/\/radiostudiow.com.br\/site\/wp-json\/wp\/v2\/categories?post=18775"},{"taxonomy":"post_tag","embeddable":true,"href":"https:\/\/radiostudiow.com.br\/site\/wp-json\/wp\/v2\/tags?post=18775"}],"curies":[{"name":"wp","href":"https:\/\/api.w.org\/{rel}","templated":true}]}}