{"id":18782,"date":"2024-01-15T17:19:15","date_gmt":"2024-01-15T20:19:15","guid":{"rendered":"https:\/\/radiostudiow.com.br\/site\/?p=18782"},"modified":"2025-01-31T15:02:19","modified_gmt":"2025-01-31T18:02:19","slug":"jovem-desaparece-nas-correntezas-do-rio-iguacu-em-porto-vitoria","status":"publish","type":"post","link":"https:\/\/radiostudiow.com.br\/site\/2024\/01\/15\/jovem-desaparece-nas-correntezas-do-rio-iguacu-em-porto-vitoria\/","title":{"rendered":"Jovem desaparece nas correntezas do Rio Igua\u00e7u em Porto Vit\u00f3ria"},"content":{"rendered":"\n<p><strong><em>O Ca\u00e7adorense Gilson Alves Ribeiro Junior de 23 anos pescava com outro amigo no momento da fatalidade.<\/em><\/strong><\/p>\n\n\n\n<p>De acordo com relatos de familiares, Gilson chegou em Uni\u00e3o da Vit\u00f3ria com outro amigo no in\u00edcio da manh\u00e3 do \u00faltimo s\u00e1bado, 13 de janeiro, eles teriam sa\u00eddo de Ca\u00e7ador por volta das 03:00 horas da madrugada.<\/p>\n\n\n\n<figure class=\"wp-block-image size-full\"><img loading=\"lazy\" decoding=\"async\" width=\"598\" height=\"204\" src=\"https:\/\/radiostudiow.com.br\/site\/wp-content\/uploads\/2023\/10\/SITE-MEDIO.png\" alt=\"\" class=\"wp-image-16319\" srcset=\"https:\/\/radiostudiow.com.br\/site\/wp-content\/uploads\/2023\/10\/SITE-MEDIO.png 598w, https:\/\/radiostudiow.com.br\/site\/wp-content\/uploads\/2023\/10\/SITE-MEDIO-300x102.png 300w\" sizes=\"auto, (max-width: 598px) 100vw, 598px\" \/><\/figure>\n\n\n\n<p>Por volta das 06:30 horas da manh\u00e3 de s\u00e1bado, 13 de janeiro, eles \u00a0estavam pescando no local conhecido como Porto Vit\u00f3ria, banhado pelo Rio Igua\u00e7u, segundo familiares que relataram o acontecimento para nossa reportagem Jornalismo M Not\u00edcias, <em><strong>\u2018\u2019na terceira isca que ele jogou, essa enroscou e ele foi soltar, mas quando pisou escorregou na pedra e caiu, o amigo conta que viu ele indo e boiando\u2019\u2019 relata.<\/strong><\/em><\/p>\n\n\n\n<p>Os bombeiros de Uni\u00e3o da Vit\u00f3ria foram acionados, familiares reclamam sobre a morosidade das buscas e pela \u00fanica forma de busca, que tem sido com um jet-ski.<\/p>\n\n\n\n<figure class=\"wp-block-image size-full\"><img decoding=\"async\" src=\"https:\/\/radiostudiow.com.br\/site\/wp-content\/uploads\/2024\/01\/SITE-GRANDE5.png\" alt=\"\" class=\"wp-image-18704\"\/><\/figure>\n\n\n\n<p><strong>Amigos e familiares est\u00e3o realizando busca por meios pr\u00f3prios, mas at\u00e9 o momento o corpo n\u00e3o foi localizado.<\/strong><\/p>\n\n\n\n<p>No in\u00edcio da manh\u00e3 desta segunda-feira, 15 e janeiro, os Bombeiros de Uni\u00e3o da Vit\u00f3ria que est\u00e3o respons\u00e1veis pela opera\u00e7\u00e3o aqu\u00e1tica, retomaram as buscas. Sem detalhamento do trabalho que est\u00e1 sendo desenvolvido.<\/p>\n\n\n\n<p><em>Com informa\u00e7\u00f5es\u00a0Portal da Cidade Uni\u00e3o da Vit\u00f3ria<\/em><\/p>\n","protected":false},"excerpt":{"rendered":"<p>O Ca\u00e7adorense Gilson Alves Ribeiro Junior de 23 anos pescava com outro amigo no momento da fatalidade. De acordo com relatos de familiares, Gilson chegou em Uni\u00e3o da Vit\u00f3ria com outro amigo no in\u00edcio da manh\u00e3 do \u00faltimo s\u00e1bado, 13 de janeiro, eles teriam sa\u00eddo de Ca\u00e7ador por volta das 03:00 horas da madrugada. Por [&hellip;]<\/p>\n","protected":false},"author":2,"featured_media":18783,"comment_status":"open","ping_status":"open","sticky":false,"template":"","format":"standard","meta":{"footnotes":""},"categories":[185],"tags":[172],"class_list":["post-18782","post","type-post","status-publish","format-standard","has-post-thumbnail","hentry","category-regional","tag-featured"],"amp_enabled":true,"_links":{"self":[{"href":"https:\/\/radiostudiow.com.br\/site\/wp-json\/wp\/v2\/posts\/18782","targetHints":{"allow":["GET"]}}],"collection":[{"href":"https:\/\/radiostudiow.com.br\/site\/wp-json\/wp\/v2\/posts"}],"about":[{"href":"https:\/\/radiostudiow.com.br\/site\/wp-json\/wp\/v2\/types\/post"}],"author":[{"embeddable":true,"href":"https:\/\/radiostudiow.com.br\/site\/wp-json\/wp\/v2\/users\/2"}],"replies":[{"embeddable":true,"href":"https:\/\/radiostudiow.com.br\/site\/wp-json\/wp\/v2\/comments?post=18782"}],"version-history":[{"count":1,"href":"https:\/\/radiostudiow.com.br\/site\/wp-json\/wp\/v2\/posts\/18782\/revisions"}],"predecessor-version":[{"id":18784,"href":"https:\/\/radiostudiow.com.br\/site\/wp-json\/wp\/v2\/posts\/18782\/revisions\/18784"}],"wp:featuredmedia":[{"embeddable":true,"href":"https:\/\/radiostudiow.com.br\/site\/wp-json\/wp\/v2\/media\/18783"}],"wp:attachment":[{"href":"https:\/\/radiostudiow.com.br\/site\/wp-json\/wp\/v2\/media?parent=18782"}],"wp:term":[{"taxonomy":"category","embeddable":true,"href":"https:\/\/radiostudiow.com.br\/site\/wp-json\/wp\/v2\/categories?post=18782"},{"taxonomy":"post_tag","embeddable":true,"href":"https:\/\/radiostudiow.com.br\/site\/wp-json\/wp\/v2\/tags?post=18782"}],"curies":[{"name":"wp","href":"https:\/\/api.w.org\/{rel}","templated":true}]}}