{"id":18792,"date":"2024-01-15T18:22:59","date_gmt":"2024-01-15T21:22:59","guid":{"rendered":"https:\/\/radiostudiow.com.br\/site\/?p=18792"},"modified":"2025-01-31T15:02:19","modified_gmt":"2025-01-31T18:02:19","slug":"roupas-furtadas-de-lojas-de-irati-e-rio-azul-foram-recuperadas-em-tres-barras-sc","status":"publish","type":"post","link":"https:\/\/radiostudiow.com.br\/site\/2024\/01\/15\/roupas-furtadas-de-lojas-de-irati-e-rio-azul-foram-recuperadas-em-tres-barras-sc\/","title":{"rendered":"Roupas furtadas de lojas de Irati e Rio Azul, foram recuperadas em Tr\u00eas Barras\/SC"},"content":{"rendered":"\n<p><strong><em>Os Policiais militares, em rondas pelo a procura do ve\u00edculo GM\/CLASSIC, o qual havia suspeita de ter transportado durante a madrugada produtos furtados (vestu\u00e1rio) de lojas nas cidades de Irati e Rio Azul\/PR para o distrito de S\u00e3o Crist\u00f3v\u00e3o, em Tr\u00eas Barras\/SC, fato ocorrido durante a madrugada dos dias 11 e 12 de janeiro de 2024.<\/em><\/strong><\/p>\n\n\n\n<figure class=\"wp-block-image size-full\"><img loading=\"lazy\" decoding=\"async\" width=\"897\" height=\"204\" src=\"https:\/\/radiostudiow.com.br\/site\/wp-content\/uploads\/2023\/10\/SITE-GRANDE.png\" alt=\"\" class=\"wp-image-16338\" srcset=\"https:\/\/radiostudiow.com.br\/site\/wp-content\/uploads\/2023\/10\/SITE-GRANDE.png 897w, https:\/\/radiostudiow.com.br\/site\/wp-content\/uploads\/2023\/10\/SITE-GRANDE-300x68.png 300w, https:\/\/radiostudiow.com.br\/site\/wp-content\/uploads\/2023\/10\/SITE-GRANDE-768x175.png 768w\" sizes=\"auto, (max-width: 897px) 100vw, 897px\" \/><\/figure>\n\n\n\n<p>Os policiais militares localizaram o veiculo no p\u00e1tio de uma oficina, na Av. Abrah\u00e3o Mussi, foi identificado quem deixou o ve\u00edculo no local e solicitado apoio para abordar o suspeito.<\/p>\n\n\n\n<p>Foi deslocado at\u00e9 a resid\u00eancia do homem (suspeito), na Avenida Abra\u00e3o Mussi, no intuito de localizar os produtos furtados. A m\u00e3e do homem recebeu as guarni\u00e7\u00f5es policiais e permitiu a entrada na resid\u00eancia. Na resid\u00eancia nada foi localizado.<\/p>\n\n\n\n<p>No local o homem (suspeito) relatou que era propriet\u00e1rio do GM\/CLASSIC LIFE, e no dia 11 de janeiro de 2024, perto das 23 horas emprestou o carro para outro homem, e havia recebido 50 reais pelo empr\u00e9stimo, sendo que somente neste dia recebeu informa\u00e7\u00e3o que o carro estava em uma oficina.<\/p>\n\n\n\n<p>Destaca-se que a pessoa que deixou o carro na oficina era tio do propriet\u00e1rio da oficina.<\/p>\n\n\n\n<p>As Guarni\u00e7\u00f5es retornaram a oficina, ap\u00f3s den\u00fancia de que o homem que emprestou o carro estava no local, sendo o mesmo ali abordado, em uma casa de fundos. O mesmo relatou que havia feito furto em uma loja e deixado as roupas na casa de seu irm\u00e3o.<\/p>\n\n\n\n<figure class=\"wp-block-image size-full\"><img decoding=\"async\" src=\"https:\/\/radiostudiow.com.br\/site\/wp-content\/uploads\/2024\/01\/SITE-GRANDE5.png\" alt=\"\" class=\"wp-image-18704\"\/><\/figure>\n\n\n\n<p>Enquanto o homem era detido, seu irm\u00e3o afastava-se de sua casa, sendo abordado em seguida, o mesmo relatou, que seu irm\u00e3o chegou em sua casa, pr\u00f3ximo \u00e0s 07h e disse que havia comprado os produtos, que eram muitos e n\u00e3o tinha onde guardar. No interior de sua resid\u00eancia foi localizado v\u00e1rias objetos e pe\u00e7as de vestu\u00e1rio.<\/p>\n\n\n\n<p>Diante dos fatos todos os envolvidos foram conduzidos a Delegacia de Pol\u00edcia de Canoinhas junto com o ve\u00edculo GM\/CLASSIC LIFE. <strong><em>Destaca-se que n\u00e3o foi apresentado Cupom Fiscal ou NFe dos produtos.<\/em><\/strong><\/p>\n\n\n\n<p><em>Fonte: Portal Irati \/ Informa\u00e7\u00e3o e Imagem PMSC \/ Colabora\u00e7\u00e3o Rep\u00f3rter Kiko de Oliveira<\/em><\/p>\n","protected":false},"excerpt":{"rendered":"<p>Os Policiais militares, em rondas pelo a procura do ve\u00edculo GM\/CLASSIC, o qual havia suspeita de ter transportado durante a madrugada produtos furtados (vestu\u00e1rio) de lojas nas cidades de Irati e Rio Azul\/PR para o distrito de S\u00e3o Crist\u00f3v\u00e3o, em Tr\u00eas Barras\/SC, fato ocorrido durante a madrugada dos dias 11 e 12 de janeiro de [&hellip;]<\/p>\n","protected":false},"author":2,"featured_media":18793,"comment_status":"open","ping_status":"open","sticky":false,"template":"","format":"standard","meta":{"footnotes":""},"categories":[2],"tags":[172],"class_list":["post-18792","post","type-post","status-publish","format-standard","has-post-thumbnail","hentry","category-policial","tag-featured"],"amp_enabled":true,"_links":{"self":[{"href":"https:\/\/radiostudiow.com.br\/site\/wp-json\/wp\/v2\/posts\/18792","targetHints":{"allow":["GET"]}}],"collection":[{"href":"https:\/\/radiostudiow.com.br\/site\/wp-json\/wp\/v2\/posts"}],"about":[{"href":"https:\/\/radiostudiow.com.br\/site\/wp-json\/wp\/v2\/types\/post"}],"author":[{"embeddable":true,"href":"https:\/\/radiostudiow.com.br\/site\/wp-json\/wp\/v2\/users\/2"}],"replies":[{"embeddable":true,"href":"https:\/\/radiostudiow.com.br\/site\/wp-json\/wp\/v2\/comments?post=18792"}],"version-history":[{"count":1,"href":"https:\/\/radiostudiow.com.br\/site\/wp-json\/wp\/v2\/posts\/18792\/revisions"}],"predecessor-version":[{"id":18794,"href":"https:\/\/radiostudiow.com.br\/site\/wp-json\/wp\/v2\/posts\/18792\/revisions\/18794"}],"wp:featuredmedia":[{"embeddable":true,"href":"https:\/\/radiostudiow.com.br\/site\/wp-json\/wp\/v2\/media\/18793"}],"wp:attachment":[{"href":"https:\/\/radiostudiow.com.br\/site\/wp-json\/wp\/v2\/media?parent=18792"}],"wp:term":[{"taxonomy":"category","embeddable":true,"href":"https:\/\/radiostudiow.com.br\/site\/wp-json\/wp\/v2\/categories?post=18792"},{"taxonomy":"post_tag","embeddable":true,"href":"https:\/\/radiostudiow.com.br\/site\/wp-json\/wp\/v2\/tags?post=18792"}],"curies":[{"name":"wp","href":"https:\/\/api.w.org\/{rel}","templated":true}]}}