{"id":18808,"date":"2024-01-16T12:01:11","date_gmt":"2024-01-16T15:01:11","guid":{"rendered":"https:\/\/radiostudiow.com.br\/site\/?p=18808"},"modified":"2025-01-31T15:02:19","modified_gmt":"2025-01-31T18:02:19","slug":"parana-esta-sob-alerta-amarelo-para-tempestades-e-vendavais-ate-quarta-17-de-janeiro","status":"publish","type":"post","link":"https:\/\/radiostudiow.com.br\/site\/2024\/01\/16\/parana-esta-sob-alerta-amarelo-para-tempestades-e-vendavais-ate-quarta-17-de-janeiro\/","title":{"rendered":"Paran\u00e1 est\u00e1 sob alerta amarelo para tempestades e vendavais at\u00e9 quarta (17 de Janeiro)"},"content":{"rendered":"\n<p>Todas as regi\u00f5es do Paran\u00e1 est\u00e3o sob alerta amarelo, para risco de tempestades, nesta ter\u00e7a-feira, 16 de janeiro, at\u00e9 \u00e0s 10:00 horas desta quarta-feira (17).<\/p>\n\n\n\n<figure class=\"wp-block-image size-full\"><img loading=\"lazy\" decoding=\"async\" width=\"598\" height=\"204\" src=\"https:\/\/radiostudiow.com.br\/site\/wp-content\/uploads\/2023\/10\/SITE-MEDIO.png\" alt=\"\" class=\"wp-image-16319\" srcset=\"https:\/\/radiostudiow.com.br\/site\/wp-content\/uploads\/2023\/10\/SITE-MEDIO.png 598w, https:\/\/radiostudiow.com.br\/site\/wp-content\/uploads\/2023\/10\/SITE-MEDIO-300x102.png 300w\" sizes=\"auto, (max-width: 598px) 100vw, 598px\" \/><\/figure>\n\n\n\n<p>O aviso do Instituto Nacional de Meteorologia afirma que a\u00a0tempestade \u00e9 de \u2018perigo potencial\u2019.<\/p>\n\n\n\n<p>De acordo com o Inmet, a&nbsp;previs\u00e3o \u00e9 de chuva&nbsp;entre 20 e 30 mm\/h ou at\u00e9 50 mm\/dia, com ventos intensos de 40 a 60 km\/h, al\u00e9m de queda de granizo. Ainda, h\u00e1 baixo risco de corte de energia el\u00e9trica, estragos em planta\u00e7\u00f5es, queda de galhos de \u00e1rvores e de alagamentos, segundo o instituto.<\/p>\n\n\n\n<p>Conforme informa\u00e7\u00f5es do Inmet, as \u00e1reas que podem ser afetadas no Paran\u00e1 s\u00e3o: Norte Pioneiro, Metropolitana de Curitiba, Centro Ocidental, Noroeste, Norte Central, Sudoeste, Oeste, Sudeste, Centro Oriental e Centro-Sul.<\/p>\n\n\n\n<figure class=\"wp-block-image size-full\"><img decoding=\"async\" src=\"https:\/\/radiostudiow.com.br\/site\/wp-content\/uploads\/2024\/01\/SITE-GRANDE5.png\" alt=\"\" class=\"wp-image-18704\"\/><\/figure>\n","protected":false},"excerpt":{"rendered":"<p>Todas as regi\u00f5es do Paran\u00e1 est\u00e3o sob alerta amarelo, para risco de tempestades, nesta ter\u00e7a-feira, 16 de janeiro, at\u00e9 \u00e0s 10:00 horas desta quarta-feira (17). O aviso do Instituto Nacional de Meteorologia afirma que a\u00a0tempestade \u00e9 de \u2018perigo potencial\u2019. De acordo com o Inmet, a&nbsp;previs\u00e3o \u00e9 de chuva&nbsp;entre 20 e 30 mm\/h ou at\u00e9 50 [&hellip;]<\/p>\n","protected":false},"author":2,"featured_media":18809,"comment_status":"open","ping_status":"open","sticky":false,"template":"","format":"standard","meta":{"footnotes":""},"categories":[7],"tags":[172],"class_list":["post-18808","post","type-post","status-publish","format-standard","has-post-thumbnail","hentry","category-geral","tag-featured"],"amp_enabled":true,"_links":{"self":[{"href":"https:\/\/radiostudiow.com.br\/site\/wp-json\/wp\/v2\/posts\/18808","targetHints":{"allow":["GET"]}}],"collection":[{"href":"https:\/\/radiostudiow.com.br\/site\/wp-json\/wp\/v2\/posts"}],"about":[{"href":"https:\/\/radiostudiow.com.br\/site\/wp-json\/wp\/v2\/types\/post"}],"author":[{"embeddable":true,"href":"https:\/\/radiostudiow.com.br\/site\/wp-json\/wp\/v2\/users\/2"}],"replies":[{"embeddable":true,"href":"https:\/\/radiostudiow.com.br\/site\/wp-json\/wp\/v2\/comments?post=18808"}],"version-history":[{"count":2,"href":"https:\/\/radiostudiow.com.br\/site\/wp-json\/wp\/v2\/posts\/18808\/revisions"}],"predecessor-version":[{"id":18823,"href":"https:\/\/radiostudiow.com.br\/site\/wp-json\/wp\/v2\/posts\/18808\/revisions\/18823"}],"wp:featuredmedia":[{"embeddable":true,"href":"https:\/\/radiostudiow.com.br\/site\/wp-json\/wp\/v2\/media\/18809"}],"wp:attachment":[{"href":"https:\/\/radiostudiow.com.br\/site\/wp-json\/wp\/v2\/media?parent=18808"}],"wp:term":[{"taxonomy":"category","embeddable":true,"href":"https:\/\/radiostudiow.com.br\/site\/wp-json\/wp\/v2\/categories?post=18808"},{"taxonomy":"post_tag","embeddable":true,"href":"https:\/\/radiostudiow.com.br\/site\/wp-json\/wp\/v2\/tags?post=18808"}],"curies":[{"name":"wp","href":"https:\/\/api.w.org\/{rel}","templated":true}]}}