{"id":18812,"date":"2024-01-16T11:56:28","date_gmt":"2024-01-16T14:56:28","guid":{"rendered":"https:\/\/radiostudiow.com.br\/site\/?p=18812"},"modified":"2025-01-31T15:02:19","modified_gmt":"2025-01-31T18:02:19","slug":"incendio-destroi-casa-em-general-carneiro-2","status":"publish","type":"post","link":"https:\/\/radiostudiow.com.br\/site\/2024\/01\/16\/incendio-destroi-casa-em-general-carneiro-2\/","title":{"rendered":"Inc\u00eandio destr\u00f3i casa em General Carneiro"},"content":{"rendered":"\n<p>A equipe do Corpo de Bombeiros de General Carneiro esteve atendendo a uma ocorr\u00eancia de inc\u00eandio em uma resid\u00eancia por volta das 18:20 horas desse domingo (14).<\/p>\n\n\n\n<figure class=\"wp-block-image size-full\"><img decoding=\"async\" src=\"https:\/\/radiostudiow.com.br\/site\/wp-content\/uploads\/2023\/10\/SITE-GRANDE4.png\" alt=\"\" class=\"wp-image-16367\"\/><\/figure>\n\n\n\n<p>De acordo com informa\u00e7\u00f5es, o sinistro atingiu uma resid\u00eancia na rua Miguel Elias Calisto, no bairro Monte Castelo.<\/p>\n\n\n\n<p>Os Bombeiros fizeram o combate \u00e0s chamas e impediram que o fogo viesse a se alastrar. N\u00e3o foram divulgadas informa\u00e7\u00f5es sobre como o inc\u00eandio iniciou.<\/p>\n\n\n\n<figure class=\"wp-block-image size-full\"><img decoding=\"async\" src=\"https:\/\/radiostudiow.com.br\/site\/wp-content\/uploads\/2024\/01\/SITE-GRANDE5.png\" alt=\"\" class=\"wp-image-18704\"\/><\/figure>\n\n\n\n<p><strong>VEJA O V\u00cdDEO:<\/strong><\/p>\n\n\n\n<figure class=\"wp-block-video\"><video controls src=\"https:\/\/radiostudiow.com.br\/site\/wp-content\/uploads\/2024\/01\/WhatsApp-Video-2024-01-15-at-07.21.26-1.mp4\"><\/video><\/figure>\n\n\n\n<figure class=\"wp-block-video\"><video controls src=\"https:\/\/radiostudiow.com.br\/site\/wp-content\/uploads\/2024\/01\/WhatsApp-Video-2024-01-15-at-07.23.45-1.mp4\"><\/video><\/figure>\n","protected":false},"excerpt":{"rendered":"<p>A equipe do Corpo de Bombeiros de General Carneiro esteve atendendo a uma ocorr\u00eancia de inc\u00eandio em uma resid\u00eancia por volta das 18:20 horas desse domingo (14). De acordo com informa\u00e7\u00f5es, o sinistro atingiu uma resid\u00eancia na rua Miguel Elias Calisto, no bairro Monte Castelo. Os Bombeiros fizeram o combate \u00e0s chamas e impediram que [&hellip;]<\/p>\n","protected":false},"author":2,"featured_media":18820,"comment_status":"open","ping_status":"open","sticky":false,"template":"","format":"standard","meta":{"footnotes":""},"categories":[185],"tags":[172],"class_list":["post-18812","post","type-post","status-publish","format-standard","has-post-thumbnail","hentry","category-regional","tag-featured"],"amp_enabled":true,"_links":{"self":[{"href":"https:\/\/radiostudiow.com.br\/site\/wp-json\/wp\/v2\/posts\/18812","targetHints":{"allow":["GET"]}}],"collection":[{"href":"https:\/\/radiostudiow.com.br\/site\/wp-json\/wp\/v2\/posts"}],"about":[{"href":"https:\/\/radiostudiow.com.br\/site\/wp-json\/wp\/v2\/types\/post"}],"author":[{"embeddable":true,"href":"https:\/\/radiostudiow.com.br\/site\/wp-json\/wp\/v2\/users\/2"}],"replies":[{"embeddable":true,"href":"https:\/\/radiostudiow.com.br\/site\/wp-json\/wp\/v2\/comments?post=18812"}],"version-history":[{"count":1,"href":"https:\/\/radiostudiow.com.br\/site\/wp-json\/wp\/v2\/posts\/18812\/revisions"}],"predecessor-version":[{"id":18817,"href":"https:\/\/radiostudiow.com.br\/site\/wp-json\/wp\/v2\/posts\/18812\/revisions\/18817"}],"wp:featuredmedia":[{"embeddable":true,"href":"https:\/\/radiostudiow.com.br\/site\/wp-json\/wp\/v2\/media\/18820"}],"wp:attachment":[{"href":"https:\/\/radiostudiow.com.br\/site\/wp-json\/wp\/v2\/media?parent=18812"}],"wp:term":[{"taxonomy":"category","embeddable":true,"href":"https:\/\/radiostudiow.com.br\/site\/wp-json\/wp\/v2\/categories?post=18812"},{"taxonomy":"post_tag","embeddable":true,"href":"https:\/\/radiostudiow.com.br\/site\/wp-json\/wp\/v2\/tags?post=18812"}],"curies":[{"name":"wp","href":"https:\/\/api.w.org\/{rel}","templated":true}]}}