{"id":18818,"date":"2024-01-16T15:16:16","date_gmt":"2024-01-16T18:16:16","guid":{"rendered":"https:\/\/radiostudiow.com.br\/site\/?p=18818"},"modified":"2025-01-31T15:02:19","modified_gmt":"2025-01-31T18:02:19","slug":"homem-acusado-de-formacao-de-quadrilha-e-preso-em-uniao-da-vitoria","status":"publish","type":"post","link":"https:\/\/radiostudiow.com.br\/site\/2024\/01\/16\/homem-acusado-de-formacao-de-quadrilha-e-preso-em-uniao-da-vitoria\/","title":{"rendered":"Homem acusado de forma\u00e7\u00e3o de quadrilha \u00e9 preso em Uni\u00e3o da Vit\u00f3ria"},"content":{"rendered":"\n<p>A equipe da Pol\u00edcia Militar de Uni\u00e3o da Vit\u00f3ria efetuou o cumprimento de um mandado de pris\u00e3o em desfavor de um homem \u00e0s 08:00 horas da manh\u00e3 dessa segunda-feira (15).<\/p>\n\n\n\n<figure class=\"wp-block-image size-full\"><img decoding=\"async\" src=\"https:\/\/radiostudiow.com.br\/site\/wp-content\/uploads\/2023\/08\/image-127.png\" alt=\"\" class=\"wp-image-14660\"\/><\/figure>\n\n\n\n<p>De acordo com o relat\u00f3rio policial, o homem \u00e9 acusado de crimes relacionados a forma\u00e7\u00e3o de quadrilha e porte ilegal de arma de fogo. Ele n\u00e3o teve o seu nome divulgado oficialmente.<\/p>\n\n\n\n<p>A Pol\u00edcia avistou o suspeito e procedeu com a abordagem, em revista pessoal, nada de il\u00edcito foi encontrado com ele.<\/p>\n\n\n\n<p>Dado fiel cumprimento ao mandado e encaminhado o homem at\u00e9 a delegacia para provid\u00eancias.<\/p>\n\n\n\n<figure class=\"wp-block-image size-full\"><img decoding=\"async\" src=\"https:\/\/radiostudiow.com.br\/site\/wp-content\/uploads\/2024\/01\/SITE-GRANDE5.png\" alt=\"\" class=\"wp-image-18704\"\/><\/figure>\n","protected":false},"excerpt":{"rendered":"<p>A equipe da Pol\u00edcia Militar de Uni\u00e3o da Vit\u00f3ria efetuou o cumprimento de um mandado de pris\u00e3o em desfavor de um homem \u00e0s 08:00 horas da manh\u00e3 dessa segunda-feira (15). De acordo com o relat\u00f3rio policial, o homem \u00e9 acusado de crimes relacionados a forma\u00e7\u00e3o de quadrilha e porte ilegal de arma de fogo. Ele [&hellip;]<\/p>\n","protected":false},"author":2,"featured_media":14232,"comment_status":"open","ping_status":"open","sticky":false,"template":"","format":"standard","meta":{"footnotes":""},"categories":[2],"tags":[172],"class_list":["post-18818","post","type-post","status-publish","format-standard","has-post-thumbnail","hentry","category-policial","tag-featured"],"amp_enabled":true,"_links":{"self":[{"href":"https:\/\/radiostudiow.com.br\/site\/wp-json\/wp\/v2\/posts\/18818","targetHints":{"allow":["GET"]}}],"collection":[{"href":"https:\/\/radiostudiow.com.br\/site\/wp-json\/wp\/v2\/posts"}],"about":[{"href":"https:\/\/radiostudiow.com.br\/site\/wp-json\/wp\/v2\/types\/post"}],"author":[{"embeddable":true,"href":"https:\/\/radiostudiow.com.br\/site\/wp-json\/wp\/v2\/users\/2"}],"replies":[{"embeddable":true,"href":"https:\/\/radiostudiow.com.br\/site\/wp-json\/wp\/v2\/comments?post=18818"}],"version-history":[{"count":2,"href":"https:\/\/radiostudiow.com.br\/site\/wp-json\/wp\/v2\/posts\/18818\/revisions"}],"predecessor-version":[{"id":18826,"href":"https:\/\/radiostudiow.com.br\/site\/wp-json\/wp\/v2\/posts\/18818\/revisions\/18826"}],"wp:featuredmedia":[{"embeddable":true,"href":"https:\/\/radiostudiow.com.br\/site\/wp-json\/wp\/v2\/media\/14232"}],"wp:attachment":[{"href":"https:\/\/radiostudiow.com.br\/site\/wp-json\/wp\/v2\/media?parent=18818"}],"wp:term":[{"taxonomy":"category","embeddable":true,"href":"https:\/\/radiostudiow.com.br\/site\/wp-json\/wp\/v2\/categories?post=18818"},{"taxonomy":"post_tag","embeddable":true,"href":"https:\/\/radiostudiow.com.br\/site\/wp-json\/wp\/v2\/tags?post=18818"}],"curies":[{"name":"wp","href":"https:\/\/api.w.org\/{rel}","templated":true}]}}