{"id":18821,"date":"2024-01-16T15:02:04","date_gmt":"2024-01-16T18:02:04","guid":{"rendered":"https:\/\/radiostudiow.com.br\/site\/?p=18821"},"modified":"2025-01-31T15:02:19","modified_gmt":"2025-01-31T18:02:19","slug":"homem-vai-a-um-evento-de-trilha-em-cruz-machado-e-desaparece","status":"publish","type":"post","link":"https:\/\/radiostudiow.com.br\/site\/2024\/01\/16\/homem-vai-a-um-evento-de-trilha-em-cruz-machado-e-desaparece\/","title":{"rendered":"Homem vai a um evento de trilha em Cruz Machado e desaparece"},"content":{"rendered":"\n<p>Um homem foi dado como desaparecido durante esse fim de semana ap\u00f3s ir de Uni\u00e3o da Vit\u00f3ria \u00e0 Cruz Machado para participar de um evento de trilha. O caso foi registrado por familiares nesse domingo (14).<\/p>\n\n\n\n<figure class=\"wp-block-image size-full\"><img decoding=\"async\" src=\"https:\/\/radiostudiow.com.br\/site\/wp-content\/uploads\/2023\/10\/SITE-GRANDE-1.png\" alt=\"\" class=\"wp-image-16374\"\/><\/figure>\n\n\n\n<p>De acordo com informa\u00e7\u00f5es, no s\u00e1bado o rapaz saiu de casa com destino ao evento em Cruz Machado, com um ve\u00edculo Fiat\/Strada de cor branca com sua motocicleta na ca\u00e7amba e at\u00e9 o momento n\u00e3o retornou.<\/p>\n\n\n\n<p>A fam\u00edlia fez contato com amigos que informaram ter visto o rapaz na regi\u00e3o da Col\u00f4nia Pinhal\u00e3o. O pai foi \u00e0 procura do mesmo em Cruz Machado e a madrasta fez o registro na Pol\u00edcia.<\/p>\n\n\n\n<figure class=\"wp-block-image size-full\"><img decoding=\"async\" src=\"https:\/\/radiostudiow.com.br\/site\/wp-content\/uploads\/2024\/01\/SITE-GRANDE5.png\" alt=\"\" class=\"wp-image-18704\"\/><\/figure>\n\n\n\n<p><strong>At\u00e9 o fechamento desta mat\u00e9ria, a Pol\u00edcia n\u00e3o havia divulgado se homem foi encontrado.<\/strong><\/p>\n","protected":false},"excerpt":{"rendered":"<p>Um homem foi dado como desaparecido durante esse fim de semana ap\u00f3s ir de Uni\u00e3o da Vit\u00f3ria \u00e0 Cruz Machado para participar de um evento de trilha. O caso foi registrado por familiares nesse domingo (14). De acordo com informa\u00e7\u00f5es, no s\u00e1bado o rapaz saiu de casa com destino ao evento em Cruz Machado, com [&hellip;]<\/p>\n","protected":false},"author":2,"featured_media":12985,"comment_status":"open","ping_status":"open","sticky":false,"template":"","format":"standard","meta":{"footnotes":""},"categories":[2],"tags":[172],"class_list":["post-18821","post","type-post","status-publish","format-standard","has-post-thumbnail","hentry","category-policial","tag-featured"],"amp_enabled":true,"_links":{"self":[{"href":"https:\/\/radiostudiow.com.br\/site\/wp-json\/wp\/v2\/posts\/18821","targetHints":{"allow":["GET"]}}],"collection":[{"href":"https:\/\/radiostudiow.com.br\/site\/wp-json\/wp\/v2\/posts"}],"about":[{"href":"https:\/\/radiostudiow.com.br\/site\/wp-json\/wp\/v2\/types\/post"}],"author":[{"embeddable":true,"href":"https:\/\/radiostudiow.com.br\/site\/wp-json\/wp\/v2\/users\/2"}],"replies":[{"embeddable":true,"href":"https:\/\/radiostudiow.com.br\/site\/wp-json\/wp\/v2\/comments?post=18821"}],"version-history":[{"count":2,"href":"https:\/\/radiostudiow.com.br\/site\/wp-json\/wp\/v2\/posts\/18821\/revisions"}],"predecessor-version":[{"id":18824,"href":"https:\/\/radiostudiow.com.br\/site\/wp-json\/wp\/v2\/posts\/18821\/revisions\/18824"}],"wp:featuredmedia":[{"embeddable":true,"href":"https:\/\/radiostudiow.com.br\/site\/wp-json\/wp\/v2\/media\/12985"}],"wp:attachment":[{"href":"https:\/\/radiostudiow.com.br\/site\/wp-json\/wp\/v2\/media?parent=18821"}],"wp:term":[{"taxonomy":"category","embeddable":true,"href":"https:\/\/radiostudiow.com.br\/site\/wp-json\/wp\/v2\/categories?post=18821"},{"taxonomy":"post_tag","embeddable":true,"href":"https:\/\/radiostudiow.com.br\/site\/wp-json\/wp\/v2\/tags?post=18821"}],"curies":[{"name":"wp","href":"https:\/\/api.w.org\/{rel}","templated":true}]}}