{"id":18864,"date":"2024-01-17T11:57:05","date_gmt":"2024-01-17T14:57:05","guid":{"rendered":"https:\/\/radiostudiow.com.br\/site\/?p=18864"},"modified":"2025-01-31T15:02:19","modified_gmt":"2025-01-31T18:02:19","slug":"motorista-causa-danos-em-rede-eletrica-apos-passar-com-cacamba-basculada-em-mallet","status":"publish","type":"post","link":"https:\/\/radiostudiow.com.br\/site\/2024\/01\/17\/motorista-causa-danos-em-rede-eletrica-apos-passar-com-cacamba-basculada-em-mallet\/","title":{"rendered":"MOTORISTA CAUSA DANOS EM REDE EL\u00c9TRICA AP\u00d3S PASSAR COM CA\u00c7AMBA BASCULADA EM MALLET"},"content":{"rendered":"\n<p>A equipe da Pol\u00edcia Militar de Mallet foi acionada por volta das 19:00 horas dessa ter\u00e7a-feira, 16 de janeiro, para averiguar uma situa\u00e7\u00e3o de dano na \u00e1rea central da cidade.<\/p>\n\n\n\n<figure class=\"wp-block-image\"><img decoding=\"async\" src=\"https:\/\/radiostudiow.com.br\/site\/wp-content\/uploads\/2023\/10\/SITE-GRANDE-1.png\" alt=\"\" class=\"wp-image-16374\"\/><\/figure>\n\n\n\n<p>No local a equipe entrou em contato com a solicitante, a qual relatou que um caminh\u00e3o havia passado com a ca\u00e7amba levantada em frente a sua propriedade, dessa forma arrebentando v\u00e1rios fios de energia el\u00e9trica e internet.<\/p>\n\n\n\n<p>De acordo com a solicitante, foi danificado 3 postes de unidade consumidora e postes de padr\u00e3o de luz, assim ficando varias resid\u00eancias sem energia el\u00e9trica. Logo em seguida o motorista se evadiu do local.<\/p>\n\n\n\n<p>No momento em que a equipe policial prestava atendimento da ocorr\u00eancia, compareceu o senhor, se identificando como propriet\u00e1rio da empresa, a qual foi a respons\u00e1vel pelos danos.<\/p>\n\n\n\n<figure class=\"wp-block-image\"><img decoding=\"async\" src=\"https:\/\/radiostudiow.com.br\/site\/wp-content\/uploads\/2024\/01\/SITE-GRANDE5.png\" alt=\"\" class=\"wp-image-18704\"\/><\/figure>\n\n\n\n<p>O homem relatou que seu motorista, conduzia o caminh\u00e3o e que n\u00e3o avistou os estragos que havia causado, por isso n\u00e3o ficou no local. Ainda afirmou que ao tomar o conhecimento da situa\u00e7\u00e3o ele de imediato se deslocou at\u00e9 o local para verificar.<\/p>\n\n\n\n<p>Diante dos fatos a equipe policial realizou as orienta\u00e7\u00e3o aos envolvidos para os procedimentos cab\u00edveis.<\/p>\n","protected":false},"excerpt":{"rendered":"<p>A equipe da Pol\u00edcia Militar de Mallet foi acionada por volta das 19:00 horas dessa ter\u00e7a-feira, 16 de janeiro, para averiguar uma situa\u00e7\u00e3o de dano na \u00e1rea central da cidade. No local a equipe entrou em contato com a solicitante, a qual relatou que um caminh\u00e3o havia passado com a ca\u00e7amba levantada em frente a [&hellip;]<\/p>\n","protected":false},"author":2,"featured_media":18865,"comment_status":"open","ping_status":"open","sticky":false,"template":"","format":"standard","meta":{"footnotes":""},"categories":[2],"tags":[172],"class_list":["post-18864","post","type-post","status-publish","format-standard","has-post-thumbnail","hentry","category-policial","tag-featured"],"amp_enabled":true,"_links":{"self":[{"href":"https:\/\/radiostudiow.com.br\/site\/wp-json\/wp\/v2\/posts\/18864","targetHints":{"allow":["GET"]}}],"collection":[{"href":"https:\/\/radiostudiow.com.br\/site\/wp-json\/wp\/v2\/posts"}],"about":[{"href":"https:\/\/radiostudiow.com.br\/site\/wp-json\/wp\/v2\/types\/post"}],"author":[{"embeddable":true,"href":"https:\/\/radiostudiow.com.br\/site\/wp-json\/wp\/v2\/users\/2"}],"replies":[{"embeddable":true,"href":"https:\/\/radiostudiow.com.br\/site\/wp-json\/wp\/v2\/comments?post=18864"}],"version-history":[{"count":1,"href":"https:\/\/radiostudiow.com.br\/site\/wp-json\/wp\/v2\/posts\/18864\/revisions"}],"predecessor-version":[{"id":18866,"href":"https:\/\/radiostudiow.com.br\/site\/wp-json\/wp\/v2\/posts\/18864\/revisions\/18866"}],"wp:featuredmedia":[{"embeddable":true,"href":"https:\/\/radiostudiow.com.br\/site\/wp-json\/wp\/v2\/media\/18865"}],"wp:attachment":[{"href":"https:\/\/radiostudiow.com.br\/site\/wp-json\/wp\/v2\/media?parent=18864"}],"wp:term":[{"taxonomy":"category","embeddable":true,"href":"https:\/\/radiostudiow.com.br\/site\/wp-json\/wp\/v2\/categories?post=18864"},{"taxonomy":"post_tag","embeddable":true,"href":"https:\/\/radiostudiow.com.br\/site\/wp-json\/wp\/v2\/tags?post=18864"}],"curies":[{"name":"wp","href":"https:\/\/api.w.org\/{rel}","templated":true}]}}