{"id":18877,"date":"2024-01-17T14:58:51","date_gmt":"2024-01-17T17:58:51","guid":{"rendered":"https:\/\/radiostudiow.com.br\/site\/?p=18877"},"modified":"2025-01-31T15:02:19","modified_gmt":"2025-01-31T18:02:19","slug":"dois-acidentes-sao-registrados-na-br-153-em-general-carneiro","status":"publish","type":"post","link":"https:\/\/radiostudiow.com.br\/site\/2024\/01\/17\/dois-acidentes-sao-registrados-na-br-153-em-general-carneiro\/","title":{"rendered":"Dois acidentes s\u00e3o registrados na BR-153 em General Carneiro"},"content":{"rendered":"\n<p>As equipes do SAMU e do Corpo de Bombeiros da cidade de General Carneiro estiveram mobilizadas no atendimento de uma ocorr\u00eancia de acidente por volta das 07:30 horas dessa quarta-feira (16).<\/p>\n\n\n\n<figure class=\"wp-block-image\"><img loading=\"lazy\" decoding=\"async\" width=\"598\" height=\"204\" src=\"https:\/\/radiostudiow.com.br\/site\/wp-content\/uploads\/2023\/10\/SITE-MEDIO.png\" alt=\"\" class=\"wp-image-16319\" srcset=\"https:\/\/radiostudiow.com.br\/site\/wp-content\/uploads\/2023\/10\/SITE-MEDIO.png 598w, https:\/\/radiostudiow.com.br\/site\/wp-content\/uploads\/2023\/10\/SITE-MEDIO-300x102.png 300w\" sizes=\"auto, (max-width: 598px) 100vw, 598px\" \/><\/figure>\n\n\n\n<p>O acidente ocorreu na rodovia BR-153, na altura do quil\u00f4metro 489, onde um motorista perdeu o controle de seu ve\u00edculo Fiat\/Mobi com placas Mercosul e acabou saindo da pista.<\/p>\n\n\n\n<p>Com o acidente, o motorista que \u00e9 da cidade de Porto Uni\u00e3o, sofreu hematomas e escoria\u00e7\u00f5es. Ele recebeu os primeiros socorros e foi encaminhado para receber atendimento m\u00e9dico.<\/p>\n\n\n\n<figure class=\"wp-block-image\"><img decoding=\"async\" src=\"https:\/\/radiostudiow.com.br\/site\/wp-content\/uploads\/2024\/01\/image-60.png\" alt=\"\" class=\"wp-image-18870\"\/><\/figure>\n\n\n\n<figure class=\"wp-block-image\"><img decoding=\"async\" src=\"https:\/\/radiostudiow.com.br\/site\/wp-content\/uploads\/2024\/01\/SITE-GRANDE5.png\" alt=\"\" class=\"wp-image-18704\"\/><\/figure>\n\n\n\n<h2 class=\"wp-block-heading\">Motorista fica ferido em acidente na BR-153 em General Carneiro<\/h2>\n\n\n\n<figure class=\"wp-block-image\"><img loading=\"lazy\" decoding=\"async\" width=\"500\" height=\"300\" src=\"https:\/\/radiostudiow.com.br\/site\/wp-content\/uploads\/2024\/01\/image-61.png\" alt=\"\" class=\"wp-image-18871\" srcset=\"https:\/\/radiostudiow.com.br\/site\/wp-content\/uploads\/2024\/01\/image-61.png 500w, https:\/\/radiostudiow.com.br\/site\/wp-content\/uploads\/2024\/01\/image-61-300x180.png 300w, https:\/\/radiostudiow.com.br\/site\/wp-content\/uploads\/2024\/01\/image-61-400x240.png 400w\" sizes=\"auto, (max-width: 500px) 100vw, 500px\" \/><\/figure>\n\n\n\n<p>As equipes de socorro da cidade de General Carneiro estiveram atendendo a mais uma ocorr\u00eancia de acidente de tr\u00e2nsito na rodovia BR-153 por volta das 10:30 horas dessa quarta-feira (17).<\/p>\n\n\n\n<p>De acordo com informa\u00e7\u00f5es, o acidente aconteceu na altura do quil\u00f4metro 481 e envolveu um ve\u00edculo que acabou colidindo contra um caminh\u00e3o Mercedes Benz\/L1113 de cor amarela.<\/p>\n\n\n\n<figure class=\"wp-block-image\"><img decoding=\"async\" src=\"https:\/\/radiostudiow.com.br\/site\/wp-content\/uploads\/2023\/12\/SITE-PEQUENO3.png\" alt=\"\" class=\"wp-image-17616\"\/><\/figure>\n\n\n\n<p>Com o acidente, o motorista do ve\u00edculo sofreu ferimentos de gravidade moderada. Ele foi socorro e encaminhada para cuidados m\u00e9dicos. O motorista do caminh\u00e3o n\u00e3o sofreu ferimentos.<\/p>\n","protected":false},"excerpt":{"rendered":"<p>As equipes do SAMU e do Corpo de Bombeiros da cidade de General Carneiro estiveram mobilizadas no atendimento de uma ocorr\u00eancia de acidente por volta das 07:30 horas dessa quarta-feira (16). O acidente ocorreu na rodovia BR-153, na altura do quil\u00f4metro 489, onde um motorista perdeu o controle de seu ve\u00edculo Fiat\/Mobi com placas Mercosul [&hellip;]<\/p>\n","protected":false},"author":2,"featured_media":18869,"comment_status":"open","ping_status":"open","sticky":false,"template":"","format":"standard","meta":{"footnotes":""},"categories":[185],"tags":[172],"class_list":["post-18877","post","type-post","status-publish","format-standard","has-post-thumbnail","hentry","category-regional","tag-featured"],"amp_enabled":true,"_links":{"self":[{"href":"https:\/\/radiostudiow.com.br\/site\/wp-json\/wp\/v2\/posts\/18877","targetHints":{"allow":["GET"]}}],"collection":[{"href":"https:\/\/radiostudiow.com.br\/site\/wp-json\/wp\/v2\/posts"}],"about":[{"href":"https:\/\/radiostudiow.com.br\/site\/wp-json\/wp\/v2\/types\/post"}],"author":[{"embeddable":true,"href":"https:\/\/radiostudiow.com.br\/site\/wp-json\/wp\/v2\/users\/2"}],"replies":[{"embeddable":true,"href":"https:\/\/radiostudiow.com.br\/site\/wp-json\/wp\/v2\/comments?post=18877"}],"version-history":[{"count":1,"href":"https:\/\/radiostudiow.com.br\/site\/wp-json\/wp\/v2\/posts\/18877\/revisions"}],"predecessor-version":[{"id":18878,"href":"https:\/\/radiostudiow.com.br\/site\/wp-json\/wp\/v2\/posts\/18877\/revisions\/18878"}],"wp:featuredmedia":[{"embeddable":true,"href":"https:\/\/radiostudiow.com.br\/site\/wp-json\/wp\/v2\/media\/18869"}],"wp:attachment":[{"href":"https:\/\/radiostudiow.com.br\/site\/wp-json\/wp\/v2\/media?parent=18877"}],"wp:term":[{"taxonomy":"category","embeddable":true,"href":"https:\/\/radiostudiow.com.br\/site\/wp-json\/wp\/v2\/categories?post=18877"},{"taxonomy":"post_tag","embeddable":true,"href":"https:\/\/radiostudiow.com.br\/site\/wp-json\/wp\/v2\/tags?post=18877"}],"curies":[{"name":"wp","href":"https:\/\/api.w.org\/{rel}","templated":true}]}}