{"id":18883,"date":"2024-01-17T17:23:21","date_gmt":"2024-01-17T20:23:21","guid":{"rendered":"https:\/\/radiostudiow.com.br\/site\/?p=18883"},"modified":"2025-01-31T15:02:19","modified_gmt":"2025-01-31T18:02:19","slug":"morador-de-imbituva-esta-desaparecido","status":"publish","type":"post","link":"https:\/\/radiostudiow.com.br\/site\/2024\/01\/17\/morador-de-imbituva-esta-desaparecido\/","title":{"rendered":"Morador de Imbituva est\u00e1 desaparecido"},"content":{"rendered":"\n<p><strong><em>Um homem, de 47 anos, est\u00e1 desaparecido desde a segunda-feira da semana passada, 08 de janeiro, em Imbituva.<\/em><\/strong> O irm\u00e3o dele compareceu na sede do 3\u00ba Pelot\u00e3o da Pol\u00edcia Militar para comunicar o desaparecimento no in\u00edcio da tarde dessa ter\u00e7a-feira (16).<\/p>\n\n\n\n<figure class=\"wp-block-image size-large\"><img decoding=\"async\" src=\"https:\/\/radiostudiow.com.br\/site\/wp-content\/uploads\/2024\/01\/image-5-1024x379.png\" alt=\"\" class=\"wp-image-18395\"\/><\/figure>\n\n\n\n<p>Ele relatou que o irm\u00e3o morava nos fundos de sua resid\u00eancia e n\u00e3o viu quando ele saiu. Tr\u00eas dias antes de desaparecer, o homem foi at\u00e9 uma empresa em Imbituva e disse que estava procurando carona, pois pretendia ir para Ponta Grossa.<\/p>\n\n\n\n<p>O homem que procurou a Pol\u00edcia Militar afirmou que n\u00e3o sabe se o irm\u00e3o \u00e9 usu\u00e1rio de drogas e que n\u00e3o possu\u00eda desentendimentos com outras pessoas.<\/p>\n\n\n\n<p><strong>O homem desaparecido possui aproximadamente 1 metro e 70 cent\u00edmetros, \u00e9 magro e tem pele branca.<\/strong> N\u00e3o foi divulgado o nome.<\/p>\n\n\n\n<figure class=\"wp-block-image size-full\"><img decoding=\"async\" src=\"https:\/\/radiostudiow.com.br\/site\/wp-content\/uploads\/2024\/01\/SITE-GRANDE5.png\" alt=\"\" class=\"wp-image-18704\"\/><\/figure>\n\n\n\n<p>Fonte: R\u00e1dio Naju\u00e1<\/p>\n","protected":false},"excerpt":{"rendered":"<p>Um homem, de 47 anos, est\u00e1 desaparecido desde a segunda-feira da semana passada, 08 de janeiro, em Imbituva. O irm\u00e3o dele compareceu na sede do 3\u00ba Pelot\u00e3o da Pol\u00edcia Militar para comunicar o desaparecimento no in\u00edcio da tarde dessa ter\u00e7a-feira (16). Ele relatou que o irm\u00e3o morava nos fundos de sua resid\u00eancia e n\u00e3o viu [&hellip;]<\/p>\n","protected":false},"author":2,"featured_media":18884,"comment_status":"open","ping_status":"open","sticky":false,"template":"","format":"standard","meta":{"footnotes":""},"categories":[2],"tags":[172],"class_list":["post-18883","post","type-post","status-publish","format-standard","has-post-thumbnail","hentry","category-policial","tag-featured"],"amp_enabled":true,"_links":{"self":[{"href":"https:\/\/radiostudiow.com.br\/site\/wp-json\/wp\/v2\/posts\/18883","targetHints":{"allow":["GET"]}}],"collection":[{"href":"https:\/\/radiostudiow.com.br\/site\/wp-json\/wp\/v2\/posts"}],"about":[{"href":"https:\/\/radiostudiow.com.br\/site\/wp-json\/wp\/v2\/types\/post"}],"author":[{"embeddable":true,"href":"https:\/\/radiostudiow.com.br\/site\/wp-json\/wp\/v2\/users\/2"}],"replies":[{"embeddable":true,"href":"https:\/\/radiostudiow.com.br\/site\/wp-json\/wp\/v2\/comments?post=18883"}],"version-history":[{"count":1,"href":"https:\/\/radiostudiow.com.br\/site\/wp-json\/wp\/v2\/posts\/18883\/revisions"}],"predecessor-version":[{"id":18885,"href":"https:\/\/radiostudiow.com.br\/site\/wp-json\/wp\/v2\/posts\/18883\/revisions\/18885"}],"wp:featuredmedia":[{"embeddable":true,"href":"https:\/\/radiostudiow.com.br\/site\/wp-json\/wp\/v2\/media\/18884"}],"wp:attachment":[{"href":"https:\/\/radiostudiow.com.br\/site\/wp-json\/wp\/v2\/media?parent=18883"}],"wp:term":[{"taxonomy":"category","embeddable":true,"href":"https:\/\/radiostudiow.com.br\/site\/wp-json\/wp\/v2\/categories?post=18883"},{"taxonomy":"post_tag","embeddable":true,"href":"https:\/\/radiostudiow.com.br\/site\/wp-json\/wp\/v2\/tags?post=18883"}],"curies":[{"name":"wp","href":"https:\/\/api.w.org\/{rel}","templated":true}]}}