{"id":18888,"date":"2024-01-17T18:38:08","date_gmt":"2024-01-17T21:38:08","guid":{"rendered":"https:\/\/radiostudiow.com.br\/site\/?p=18888"},"modified":"2025-01-31T15:02:19","modified_gmt":"2025-01-31T18:02:19","slug":"pecas-e-buchas-de-cabine-de-caminhao-sao-furtados-em-uniao-da-vitoria","status":"publish","type":"post","link":"https:\/\/radiostudiow.com.br\/site\/2024\/01\/17\/pecas-e-buchas-de-cabine-de-caminhao-sao-furtados-em-uniao-da-vitoria\/","title":{"rendered":"Pe\u00e7as e buchas de cabine de caminh\u00e3o s\u00e3o furtados em Uni\u00e3o da Vit\u00f3ria"},"content":{"rendered":"\n<p>A equipe da Pol\u00edcia Militar de Uni\u00e3o da Vit\u00f3ria foi acionada via 190 para comparecer na localidade de Ponte Nova ap\u00f3s ocorrer um furto por volta das 10:28 horas dessa ter\u00e7a-feira (16).<\/p>\n\n\n\n<figure class=\"wp-block-image size-full\"><img loading=\"lazy\" decoding=\"async\" width=\"897\" height=\"204\" src=\"https:\/\/radiostudiow.com.br\/site\/wp-content\/uploads\/2023\/10\/SITE-GRANDE3.png\" alt=\"\" class=\"wp-image-16341\" srcset=\"https:\/\/radiostudiow.com.br\/site\/wp-content\/uploads\/2023\/10\/SITE-GRANDE3.png 897w, https:\/\/radiostudiow.com.br\/site\/wp-content\/uploads\/2023\/10\/SITE-GRANDE3-300x68.png 300w, https:\/\/radiostudiow.com.br\/site\/wp-content\/uploads\/2023\/10\/SITE-GRANDE3-768x175.png 768w\" sizes=\"auto, (max-width: 897px) 100vw, 897px\" \/><\/figure>\n\n\n\n<p>No local, localizado na rua Bento Munhoz da Rocha Neto, o solicitante informou para a equipe policial, que estacionou seu caminh\u00e3o e entrou em um estabelecimento comercial, nesse meio tempo <strong>um homem de cal\u00e7a clara e camiseta preta<\/strong>, arrombou seu ve\u00edculo e furtou uma sacola com v\u00e1rias pe\u00e7as, buchas de cabine de caminh\u00e3o.<\/p>\n\n\n\n<figure class=\"wp-block-image size-full\"><img decoding=\"async\" src=\"https:\/\/radiostudiow.com.br\/site\/wp-content\/uploads\/2024\/01\/SITE-GRANDE5.png\" alt=\"\" class=\"wp-image-18704\"\/><\/figure>\n\n\n\n<p>Diante dos relatos, a equipe policial orientou a v\u00edtima quantos aos procedimentos cab\u00edveis e realizou patrulhamento pelas proximidades, por\u00e9m, n\u00e3o foi poss\u00edvel localizar o autor.<\/p>\n","protected":false},"excerpt":{"rendered":"<p>A equipe da Pol\u00edcia Militar de Uni\u00e3o da Vit\u00f3ria foi acionada via 190 para comparecer na localidade de Ponte Nova ap\u00f3s ocorrer um furto por volta das 10:28 horas dessa ter\u00e7a-feira (16). No local, localizado na rua Bento Munhoz da Rocha Neto, o solicitante informou para a equipe policial, que estacionou seu caminh\u00e3o e entrou [&hellip;]<\/p>\n","protected":false},"author":2,"featured_media":13941,"comment_status":"open","ping_status":"open","sticky":false,"template":"","format":"standard","meta":{"footnotes":""},"categories":[2],"tags":[172],"class_list":["post-18888","post","type-post","status-publish","format-standard","has-post-thumbnail","hentry","category-policial","tag-featured"],"amp_enabled":true,"_links":{"self":[{"href":"https:\/\/radiostudiow.com.br\/site\/wp-json\/wp\/v2\/posts\/18888","targetHints":{"allow":["GET"]}}],"collection":[{"href":"https:\/\/radiostudiow.com.br\/site\/wp-json\/wp\/v2\/posts"}],"about":[{"href":"https:\/\/radiostudiow.com.br\/site\/wp-json\/wp\/v2\/types\/post"}],"author":[{"embeddable":true,"href":"https:\/\/radiostudiow.com.br\/site\/wp-json\/wp\/v2\/users\/2"}],"replies":[{"embeddable":true,"href":"https:\/\/radiostudiow.com.br\/site\/wp-json\/wp\/v2\/comments?post=18888"}],"version-history":[{"count":2,"href":"https:\/\/radiostudiow.com.br\/site\/wp-json\/wp\/v2\/posts\/18888\/revisions"}],"predecessor-version":[{"id":18892,"href":"https:\/\/radiostudiow.com.br\/site\/wp-json\/wp\/v2\/posts\/18888\/revisions\/18892"}],"wp:featuredmedia":[{"embeddable":true,"href":"https:\/\/radiostudiow.com.br\/site\/wp-json\/wp\/v2\/media\/13941"}],"wp:attachment":[{"href":"https:\/\/radiostudiow.com.br\/site\/wp-json\/wp\/v2\/media?parent=18888"}],"wp:term":[{"taxonomy":"category","embeddable":true,"href":"https:\/\/radiostudiow.com.br\/site\/wp-json\/wp\/v2\/categories?post=18888"},{"taxonomy":"post_tag","embeddable":true,"href":"https:\/\/radiostudiow.com.br\/site\/wp-json\/wp\/v2\/tags?post=18888"}],"curies":[{"name":"wp","href":"https:\/\/api.w.org\/{rel}","templated":true}]}}