{"id":18895,"date":"2024-01-18T09:25:47","date_gmt":"2024-01-18T12:25:47","guid":{"rendered":"https:\/\/radiostudiow.com.br\/site\/?p=18895"},"modified":"2025-01-31T15:02:19","modified_gmt":"2025-01-31T18:02:19","slug":"policia-militar-encontra-veiculo-fiat-siena-tomado-em-assalto-na-cidade-de-mallet","status":"publish","type":"post","link":"https:\/\/radiostudiow.com.br\/site\/2024\/01\/18\/policia-militar-encontra-veiculo-fiat-siena-tomado-em-assalto-na-cidade-de-mallet\/","title":{"rendered":"POL\u00cdCIA MILITAR ENCONTRA VE\u00cdCULO FIAT\/SIENA TOMADO EM ASSALTO NA CIDADE DE MALLET"},"content":{"rendered":"\n<figure class=\"wp-block-image size-full\"><img loading=\"lazy\" decoding=\"async\" width=\"897\" height=\"204\" src=\"https:\/\/radiostudiow.com.br\/site\/wp-content\/uploads\/2023\/10\/SITE-GRANDE.png\" alt=\"\" class=\"wp-image-16338\" srcset=\"https:\/\/radiostudiow.com.br\/site\/wp-content\/uploads\/2023\/10\/SITE-GRANDE.png 897w, https:\/\/radiostudiow.com.br\/site\/wp-content\/uploads\/2023\/10\/SITE-GRANDE-300x68.png 300w, https:\/\/radiostudiow.com.br\/site\/wp-content\/uploads\/2023\/10\/SITE-GRANDE-768x175.png 768w\" sizes=\"auto, (max-width: 897px) 100vw, 897px\" \/><\/figure>\n\n\n\n<p>Depois de apurar v\u00e1rias informa\u00e7\u00f5es a respeito do assalto ocorrido no \u00faltimo dia 08 de janeiro em um pesque e pague no Interior do munic\u00edpio, a Policia Militar de Mallet recebeu uma informa\u00e7\u00e3o mais precisa, a qual indicava que um ve\u00edculo estaria abandonado em uma planta\u00e7\u00e3o de soja no interior da cidade.<\/p>\n\n\n\n<p>De imediato equipe da Patrulha Rural de Mallet e de S\u00e3o Mateus do Sul do 27\u00ba BPM, deslocaram at\u00e9 a Col\u00f4nia Tr\u00eas pr\u00f3ximo a BR 153 e constataram que se tratava do ve\u00edculo FIAT\/Siena placas de Mallet, o qual teria sido roubado.<br>A PCPR da 10\u00aa DRP acionou a Policia Criminal\u00edstica para serem tomadas as demais provid\u00eancias.<\/p>\n\n\n\n<figure class=\"wp-block-image size-full\"><img decoding=\"async\" src=\"https:\/\/radiostudiow.com.br\/site\/wp-content\/uploads\/2024\/01\/SITE-GRANDE5.png\" alt=\"\" class=\"wp-image-18704\"\/><\/figure>\n\n\n\n<h2 class=\"wp-block-heading\"><strong>Relembre o caso<\/strong><\/h2>\n\n\n\n<p>A equipe da Pol\u00edcia Militar de Mallet, recebeu por volta das 20:30 horas da segunda-feira dia 08 de janeiro, uma informa\u00e7\u00e3o que teria acabado de ocorrer um roubo em um pesque e pague no Interior do munic\u00edpio.<\/p>\n\n\n\n<p>Diante da informa\u00e7\u00e3o foi deslocado at\u00e9 a localidade da Col\u00f4nia Charqueada e em contato com o casal propriet\u00e1rio do estabelecimento, relataram que a v\u00edtima, um senhor chegava \u00e0 resid\u00eancia e ao desembarcar da sua motocicleta para abrir o port\u00e3o foi abordado por dois masculinos encapuzados.<\/p>\n\n\n\n<p>Segundo a descri\u00e7\u00e3o, um assaltante era de baixa estatura e gordo, outro de estatura alta e magro, ambos armados com rev\u00f3lver, os quais lhe deram voz de assalto batendo com a coronha do rev\u00f3lver em sua face.<\/p>\n\n\n\n<p>Ainda de acordo com o Boletim de Ocorr\u00eancia, posteriormente o amorda\u00e7aram e a todo momento exigiam dinheiro amea\u00e7ando matar ele com sua esposa.<\/p>\n\n\n\n<figure class=\"wp-block-image size-large\"><img decoding=\"async\" src=\"https:\/\/radiostudiow.com.br\/site\/wp-content\/uploads\/2024\/01\/image-5-1024x379.png\" alt=\"\" class=\"wp-image-18395\"\/><\/figure>\n\n\n\n<p>As v\u00edtimas foram trancadas na cozinha, enquanto a resid\u00eancia era revirada.<\/p>\n\n\n\n<p>Ap\u00f3s perceberem que os indiv\u00edduos j\u00e1 haviam se evadido do local, sentiram a falta do seu ve\u00edculo FIAT\/Siena Fire, e cerca de R$ 600,00 (seiscentos reais) em dinheiro e mais dois aparelhos celulares.<\/p>\n\n\n\n<p>A v\u00edtima masculina apresentou uma pequena les\u00e3o na face e um hematoma em seu antebra\u00e7o esquerdo.<\/p>\n\n\n\n<p>J\u00e1 a v\u00edtima feminina, n\u00e3o apresentou les\u00f5es.<\/p>\n\n\n\n<p>Diante ao exposto a equipe policial repassou a situa\u00e7\u00e3o as cidades vizinhas, bem como, iniciou diligencias nas estradas rurais do munic\u00edpio, por\u00e9m sem \u00eaxito na localiza\u00e7\u00e3o dos autores.<\/p>\n\n\n\n<figure class=\"wp-block-image size-full\"><img loading=\"lazy\" decoding=\"async\" width=\"897\" height=\"204\" src=\"https:\/\/radiostudiow.com.br\/site\/wp-content\/uploads\/2023\/10\/SITE-GRANDE3.png\" alt=\"\" class=\"wp-image-16341\" srcset=\"https:\/\/radiostudiow.com.br\/site\/wp-content\/uploads\/2023\/10\/SITE-GRANDE3.png 897w, https:\/\/radiostudiow.com.br\/site\/wp-content\/uploads\/2023\/10\/SITE-GRANDE3-300x68.png 300w, https:\/\/radiostudiow.com.br\/site\/wp-content\/uploads\/2023\/10\/SITE-GRANDE3-768x175.png 768w\" sizes=\"auto, (max-width: 897px) 100vw, 897px\" \/><\/figure>\n","protected":false},"excerpt":{"rendered":"<p>Depois de apurar v\u00e1rias informa\u00e7\u00f5es a respeito do assalto ocorrido no \u00faltimo dia 08 de janeiro em um pesque e pague no Interior do munic\u00edpio, a Policia Militar de Mallet recebeu uma informa\u00e7\u00e3o mais precisa, a qual indicava que um ve\u00edculo estaria abandonado em uma planta\u00e7\u00e3o de soja no interior da cidade. De imediato equipe [&hellip;]<\/p>\n","protected":false},"author":2,"featured_media":18896,"comment_status":"open","ping_status":"open","sticky":false,"template":"","format":"standard","meta":{"footnotes":""},"categories":[2],"tags":[172],"class_list":["post-18895","post","type-post","status-publish","format-standard","has-post-thumbnail","hentry","category-policial","tag-featured"],"amp_enabled":true,"_links":{"self":[{"href":"https:\/\/radiostudiow.com.br\/site\/wp-json\/wp\/v2\/posts\/18895","targetHints":{"allow":["GET"]}}],"collection":[{"href":"https:\/\/radiostudiow.com.br\/site\/wp-json\/wp\/v2\/posts"}],"about":[{"href":"https:\/\/radiostudiow.com.br\/site\/wp-json\/wp\/v2\/types\/post"}],"author":[{"embeddable":true,"href":"https:\/\/radiostudiow.com.br\/site\/wp-json\/wp\/v2\/users\/2"}],"replies":[{"embeddable":true,"href":"https:\/\/radiostudiow.com.br\/site\/wp-json\/wp\/v2\/comments?post=18895"}],"version-history":[{"count":2,"href":"https:\/\/radiostudiow.com.br\/site\/wp-json\/wp\/v2\/posts\/18895\/revisions"}],"predecessor-version":[{"id":18899,"href":"https:\/\/radiostudiow.com.br\/site\/wp-json\/wp\/v2\/posts\/18895\/revisions\/18899"}],"wp:featuredmedia":[{"embeddable":true,"href":"https:\/\/radiostudiow.com.br\/site\/wp-json\/wp\/v2\/media\/18896"}],"wp:attachment":[{"href":"https:\/\/radiostudiow.com.br\/site\/wp-json\/wp\/v2\/media?parent=18895"}],"wp:term":[{"taxonomy":"category","embeddable":true,"href":"https:\/\/radiostudiow.com.br\/site\/wp-json\/wp\/v2\/categories?post=18895"},{"taxonomy":"post_tag","embeddable":true,"href":"https:\/\/radiostudiow.com.br\/site\/wp-json\/wp\/v2\/tags?post=18895"}],"curies":[{"name":"wp","href":"https:\/\/api.w.org\/{rel}","templated":true}]}}