{"id":18900,"date":"2024-01-18T11:39:36","date_gmt":"2024-01-18T14:39:36","guid":{"rendered":"https:\/\/radiostudiow.com.br\/site\/?p=18900"},"modified":"2025-01-31T15:02:19","modified_gmt":"2025-01-31T18:02:19","slug":"pm-apreende-motociclista-sem-habilitacao-por-realizar-manobras-perigosas-na-area-central-de-paulo-frontin","status":"publish","type":"post","link":"https:\/\/radiostudiow.com.br\/site\/2024\/01\/18\/pm-apreende-motociclista-sem-habilitacao-por-realizar-manobras-perigosas-na-area-central-de-paulo-frontin\/","title":{"rendered":"PM apreende motociclista sem habilita\u00e7\u00e3o por realizar manobras perigosas na \u00e1rea central de Paulo Frontin"},"content":{"rendered":"\n<p>A equipe da Pol\u00edcia Militar de Paulo Frontin estava em patrulhamento pela rua Quatorze de Dezembro, \u00e1rea central da cidade, momento que avistou uma motocicleta marca Honda\/CB 300R realizando manobras perigosas nesta quarta-feira (17).<\/p>\n\n\n\n<figure class=\"wp-block-image size-full\"><img loading=\"lazy\" decoding=\"async\" width=\"598\" height=\"204\" src=\"https:\/\/radiostudiow.com.br\/site\/wp-content\/uploads\/2024\/01\/SITE-MEDIO.png\" alt=\"\" class=\"wp-image-18916\" srcset=\"https:\/\/radiostudiow.com.br\/site\/wp-content\/uploads\/2024\/01\/SITE-MEDIO.png 598w, https:\/\/radiostudiow.com.br\/site\/wp-content\/uploads\/2024\/01\/SITE-MEDIO-300x102.png 300w\" sizes=\"auto, (max-width: 598px) 100vw, 598px\" \/><\/figure>\n\n\n\n<p>De acordo com o relat\u00f3rio policial, o motociclista realizava manobras perigosas como arrastamento de pneus, colocando em risco pedestres e outros ve\u00edculos, de imediato foi realizada a abordagem ao condutor.<\/p>\n\n\n\n<p>Em consulta ao sistema verificou que o condutor n\u00e3o possu\u00eda CNH &#8211; Carteira Nacional de Habilita\u00e7\u00e3o, sendo assim, ve\u00edculo e condutor foram encaminhados ao Pelot\u00e3o da PM de Paulo Frontin para confec\u00e7\u00e3o de termo circunstanciado e demais procedimentos cab\u00edveis.<\/p>\n\n\n\n<figure class=\"wp-block-image size-full\"><img decoding=\"async\" src=\"https:\/\/radiostudiow.com.br\/site\/wp-content\/uploads\/2024\/01\/SITE-GRANDE5.png\" alt=\"\" class=\"wp-image-18704\"\/><\/figure>\n","protected":false},"excerpt":{"rendered":"<p>A equipe da Pol\u00edcia Militar de Paulo Frontin estava em patrulhamento pela rua Quatorze de Dezembro, \u00e1rea central da cidade, momento que avistou uma motocicleta marca Honda\/CB 300R realizando manobras perigosas nesta quarta-feira (17). De acordo com o relat\u00f3rio policial, o motociclista realizava manobras perigosas como arrastamento de pneus, colocando em risco pedestres e outros [&hellip;]<\/p>\n","protected":false},"author":2,"featured_media":14373,"comment_status":"open","ping_status":"open","sticky":false,"template":"","format":"standard","meta":{"footnotes":""},"categories":[2],"tags":[172],"class_list":["post-18900","post","type-post","status-publish","format-standard","has-post-thumbnail","hentry","category-policial","tag-featured"],"amp_enabled":true,"_links":{"self":[{"href":"https:\/\/radiostudiow.com.br\/site\/wp-json\/wp\/v2\/posts\/18900","targetHints":{"allow":["GET"]}}],"collection":[{"href":"https:\/\/radiostudiow.com.br\/site\/wp-json\/wp\/v2\/posts"}],"about":[{"href":"https:\/\/radiostudiow.com.br\/site\/wp-json\/wp\/v2\/types\/post"}],"author":[{"embeddable":true,"href":"https:\/\/radiostudiow.com.br\/site\/wp-json\/wp\/v2\/users\/2"}],"replies":[{"embeddable":true,"href":"https:\/\/radiostudiow.com.br\/site\/wp-json\/wp\/v2\/comments?post=18900"}],"version-history":[{"count":3,"href":"https:\/\/radiostudiow.com.br\/site\/wp-json\/wp\/v2\/posts\/18900\/revisions"}],"predecessor-version":[{"id":18917,"href":"https:\/\/radiostudiow.com.br\/site\/wp-json\/wp\/v2\/posts\/18900\/revisions\/18917"}],"wp:featuredmedia":[{"embeddable":true,"href":"https:\/\/radiostudiow.com.br\/site\/wp-json\/wp\/v2\/media\/14373"}],"wp:attachment":[{"href":"https:\/\/radiostudiow.com.br\/site\/wp-json\/wp\/v2\/media?parent=18900"}],"wp:term":[{"taxonomy":"category","embeddable":true,"href":"https:\/\/radiostudiow.com.br\/site\/wp-json\/wp\/v2\/categories?post=18900"},{"taxonomy":"post_tag","embeddable":true,"href":"https:\/\/radiostudiow.com.br\/site\/wp-json\/wp\/v2\/tags?post=18900"}],"curies":[{"name":"wp","href":"https:\/\/api.w.org\/{rel}","templated":true}]}}