{"id":18907,"date":"2024-01-18T09:56:40","date_gmt":"2024-01-18T12:56:40","guid":{"rendered":"https:\/\/radiostudiow.com.br\/site\/?p=18907"},"modified":"2025-01-31T15:02:19","modified_gmt":"2025-01-31T18:02:19","slug":"pm-de-uniao-da-vitoria-cumpre-mandado-de-prisao-contra-mulher","status":"publish","type":"post","link":"https:\/\/radiostudiow.com.br\/site\/2024\/01\/18\/pm-de-uniao-da-vitoria-cumpre-mandado-de-prisao-contra-mulher\/","title":{"rendered":"PM de Uni\u00e3o da Vit\u00f3ria cumpre mandado de pris\u00e3o contra mulher"},"content":{"rendered":"\n<p>A equipe da Pol\u00edcia Militar de Uni\u00e3o da Vit\u00f3ria por meio da equipe da ROTAM esteve cumprindo um mandado de pris\u00e3o em desfavor de uma mulher por volta das 19:40 horas dessa quarta-feira (17).<\/p>\n\n\n\n<figure class=\"wp-block-image size-full\"><img decoding=\"async\" src=\"https:\/\/radiostudiow.com.br\/site\/wp-content\/uploads\/2024\/01\/SITE-GRANDE5.png\" alt=\"\" class=\"wp-image-18704\"\/><\/figure>\n\n\n\n<p>Segundo informa\u00e7\u00f5es divulgadas para a imprensa, a ocorr\u00eancia foi no bairro Cidade Jardim, no Distrito de S\u00e3o Crist\u00f3v\u00e3o, em momento que a Pol\u00edcia realizava patrulhamento e avistou a suspeita.<\/p>\n\n\n\n<p>A mulher foi abordada e recebeu voz de pris\u00e3o. O mandado em aberto tinha validade at\u00e9 29 de janeiro de 2035 e a mulher responde aos crimes de recepta\u00e7\u00e3o e tr\u00e1fico de drogas. O nome n\u00e3o foi divulgado.<\/p>\n\n\n\n<figure class=\"wp-block-image size-full\"><img loading=\"lazy\" decoding=\"async\" width=\"598\" height=\"204\" src=\"https:\/\/radiostudiow.com.br\/site\/wp-content\/uploads\/2023\/12\/SITE-MEDIO4.png\" alt=\"\" class=\"wp-image-17598\" srcset=\"https:\/\/radiostudiow.com.br\/site\/wp-content\/uploads\/2023\/12\/SITE-MEDIO4.png 598w, https:\/\/radiostudiow.com.br\/site\/wp-content\/uploads\/2023\/12\/SITE-MEDIO4-300x102.png 300w\" sizes=\"auto, (max-width: 598px) 100vw, 598px\" \/><\/figure>\n","protected":false},"excerpt":{"rendered":"<p>A equipe da Pol\u00edcia Militar de Uni\u00e3o da Vit\u00f3ria por meio da equipe da ROTAM esteve cumprindo um mandado de pris\u00e3o em desfavor de uma mulher por volta das 19:40 horas dessa quarta-feira (17). Segundo informa\u00e7\u00f5es divulgadas para a imprensa, a ocorr\u00eancia foi no bairro Cidade Jardim, no Distrito de S\u00e3o Crist\u00f3v\u00e3o, em momento que [&hellip;]<\/p>\n","protected":false},"author":2,"featured_media":14232,"comment_status":"open","ping_status":"open","sticky":false,"template":"","format":"standard","meta":{"footnotes":""},"categories":[2],"tags":[172],"class_list":["post-18907","post","type-post","status-publish","format-standard","has-post-thumbnail","hentry","category-policial","tag-featured"],"amp_enabled":true,"_links":{"self":[{"href":"https:\/\/radiostudiow.com.br\/site\/wp-json\/wp\/v2\/posts\/18907","targetHints":{"allow":["GET"]}}],"collection":[{"href":"https:\/\/radiostudiow.com.br\/site\/wp-json\/wp\/v2\/posts"}],"about":[{"href":"https:\/\/radiostudiow.com.br\/site\/wp-json\/wp\/v2\/types\/post"}],"author":[{"embeddable":true,"href":"https:\/\/radiostudiow.com.br\/site\/wp-json\/wp\/v2\/users\/2"}],"replies":[{"embeddable":true,"href":"https:\/\/radiostudiow.com.br\/site\/wp-json\/wp\/v2\/comments?post=18907"}],"version-history":[{"count":2,"href":"https:\/\/radiostudiow.com.br\/site\/wp-json\/wp\/v2\/posts\/18907\/revisions"}],"predecessor-version":[{"id":18909,"href":"https:\/\/radiostudiow.com.br\/site\/wp-json\/wp\/v2\/posts\/18907\/revisions\/18909"}],"wp:featuredmedia":[{"embeddable":true,"href":"https:\/\/radiostudiow.com.br\/site\/wp-json\/wp\/v2\/media\/14232"}],"wp:attachment":[{"href":"https:\/\/radiostudiow.com.br\/site\/wp-json\/wp\/v2\/media?parent=18907"}],"wp:term":[{"taxonomy":"category","embeddable":true,"href":"https:\/\/radiostudiow.com.br\/site\/wp-json\/wp\/v2\/categories?post=18907"},{"taxonomy":"post_tag","embeddable":true,"href":"https:\/\/radiostudiow.com.br\/site\/wp-json\/wp\/v2\/tags?post=18907"}],"curies":[{"name":"wp","href":"https:\/\/api.w.org\/{rel}","templated":true}]}}