{"id":18922,"date":"2024-01-18T11:58:06","date_gmt":"2024-01-18T14:58:06","guid":{"rendered":"https:\/\/radiostudiow.com.br\/site\/?p=18922"},"modified":"2025-01-31T15:02:18","modified_gmt":"2025-01-31T18:02:18","slug":"motorista-com-cnh-vencida-e-veiculo-com-irregularidade-no-carro-e-abordado-em-sao-mateus-do-sul","status":"publish","type":"post","link":"https:\/\/radiostudiow.com.br\/site\/2024\/01\/18\/motorista-com-cnh-vencida-e-veiculo-com-irregularidade-no-carro-e-abordado-em-sao-mateus-do-sul\/","title":{"rendered":"Motorista com CNH vencida e ve\u00edculo com irregularidade s\u00e3o apreendidos pela PM em S\u00e3o Mateus do Sul"},"content":{"rendered":"\n<p>A equipe da Pol\u00edcia Militar de S\u00e3o Mateus do Sul estava em patrulhamento na Rua David Felipe de Meira quanto um condutor do ve\u00edculo Fiat Uno em atitude nervosa. A situa\u00e7\u00e3o foi registrada por volta das 11:00 horas dessa quarta-feira (17).<\/p>\n\n\n\n<figure class=\"wp-block-image size-full\"><img decoding=\"async\" src=\"https:\/\/radiostudiow.com.br\/site\/wp-content\/uploads\/2024\/01\/SITE-PEQUENO3.png\" alt=\"\" class=\"wp-image-18924\"\/><\/figure>\n\n\n\n<p>Ap\u00f3s abordagem, em consulta ao sistema de investiga\u00e7\u00e3o, os policiais constataram que o ve\u00edculo possu\u00eda d\u00e9bitos de licenciamento e tamb\u00e9m bloqueado, faltando alguns equipamentos obrigat\u00f3rios.<\/p>\n\n\n\n<p>Ao consultar os dados do condutor verificou-se que estava com a Carteira Nacional de Habilita\u00e7\u00e3o (CNH) vencida desde o dia 07\/07\/2022.<\/p>\n\n\n\n<figure class=\"wp-block-image size-full\"><img decoding=\"async\" src=\"https:\/\/radiostudiow.com.br\/site\/wp-content\/uploads\/2024\/01\/SITE-GRANDE5.png\" alt=\"\" class=\"wp-image-18704\"\/><\/figure>\n\n\n\n<p>Diante dos fatos o condutor e o ve\u00edculo foram encaminhados para a 3\u00aa Companhia do 27\u00ba Batalh\u00e3o da Pol\u00edcia Militar para realiza\u00e7\u00e3o das medidas administrativas.<\/p>\n","protected":false},"excerpt":{"rendered":"<p>A equipe da Pol\u00edcia Militar de S\u00e3o Mateus do Sul estava em patrulhamento na Rua David Felipe de Meira quanto um condutor do ve\u00edculo Fiat Uno em atitude nervosa. A situa\u00e7\u00e3o foi registrada por volta das 11:00 horas dessa quarta-feira (17). Ap\u00f3s abordagem, em consulta ao sistema de investiga\u00e7\u00e3o, os policiais constataram que o ve\u00edculo [&hellip;]<\/p>\n","protected":false},"author":2,"featured_media":18923,"comment_status":"open","ping_status":"open","sticky":false,"template":"","format":"standard","meta":{"footnotes":""},"categories":[2],"tags":[172],"class_list":["post-18922","post","type-post","status-publish","format-standard","has-post-thumbnail","hentry","category-policial","tag-featured"],"amp_enabled":true,"_links":{"self":[{"href":"https:\/\/radiostudiow.com.br\/site\/wp-json\/wp\/v2\/posts\/18922","targetHints":{"allow":["GET"]}}],"collection":[{"href":"https:\/\/radiostudiow.com.br\/site\/wp-json\/wp\/v2\/posts"}],"about":[{"href":"https:\/\/radiostudiow.com.br\/site\/wp-json\/wp\/v2\/types\/post"}],"author":[{"embeddable":true,"href":"https:\/\/radiostudiow.com.br\/site\/wp-json\/wp\/v2\/users\/2"}],"replies":[{"embeddable":true,"href":"https:\/\/radiostudiow.com.br\/site\/wp-json\/wp\/v2\/comments?post=18922"}],"version-history":[{"count":2,"href":"https:\/\/radiostudiow.com.br\/site\/wp-json\/wp\/v2\/posts\/18922\/revisions"}],"predecessor-version":[{"id":18927,"href":"https:\/\/radiostudiow.com.br\/site\/wp-json\/wp\/v2\/posts\/18922\/revisions\/18927"}],"wp:featuredmedia":[{"embeddable":true,"href":"https:\/\/radiostudiow.com.br\/site\/wp-json\/wp\/v2\/media\/18923"}],"wp:attachment":[{"href":"https:\/\/radiostudiow.com.br\/site\/wp-json\/wp\/v2\/media?parent=18922"}],"wp:term":[{"taxonomy":"category","embeddable":true,"href":"https:\/\/radiostudiow.com.br\/site\/wp-json\/wp\/v2\/categories?post=18922"},{"taxonomy":"post_tag","embeddable":true,"href":"https:\/\/radiostudiow.com.br\/site\/wp-json\/wp\/v2\/tags?post=18922"}],"curies":[{"name":"wp","href":"https:\/\/api.w.org\/{rel}","templated":true}]}}