{"id":18930,"date":"2024-01-18T17:31:34","date_gmt":"2024-01-18T20:31:34","guid":{"rendered":"https:\/\/radiostudiow.com.br\/site\/?p=18930"},"modified":"2025-01-31T15:02:18","modified_gmt":"2025-01-31T18:02:18","slug":"celular-e-dinheiro-sao-furtados-de-residencia-em-uniao-da-vitoria","status":"publish","type":"post","link":"https:\/\/radiostudiow.com.br\/site\/2024\/01\/18\/celular-e-dinheiro-sao-furtados-de-residencia-em-uniao-da-vitoria\/","title":{"rendered":"Celular e dinheiro s\u00e3o furtados de resid\u00eancia em Uni\u00e3o da Vit\u00f3ria"},"content":{"rendered":"\n<p>A equipe da Pol\u00edcia Militar de Uni\u00e3o da Vit\u00f3ria realizava patrulhamento na localidade de Panorama por volta das 19:51 horas dessa quarta-feira, 17 de janeiro, quando foi abordada por um senhor, o qual relatou um furto.<\/p>\n\n\n\n<figure class=\"wp-block-image size-full\"><img decoding=\"async\" src=\"https:\/\/radiostudiow.com.br\/site\/wp-content\/uploads\/2024\/01\/SITE-GRANDE2.png\" alt=\"\" class=\"wp-image-18938\"\/><\/figure>\n\n\n\n<p>De acordo com o solicitante, um homem teria entrado em sua resid\u00eancia e furtou seu celular e certa quantia em dinheiro, em seguida se evadiu deixando os t\u00eanis para tr\u00e1s no momento da fuga.<\/p>\n\n\n\n<p>A v\u00edtima disse que n\u00e3o conhece o autor dos fatos, mas que viu seu rosto, ele e sua confrontaram o autor. Foi mostrarado uma foto de um suspeito, o qual vem cometendo diversos furtos na regi\u00e3o.<\/p>\n\n\n\n<figure class=\"wp-block-image size-full\"><img decoding=\"async\" src=\"https:\/\/radiostudiow.com.br\/site\/wp-content\/uploads\/2024\/01\/SITE-GRANDE5.png\" alt=\"\" class=\"wp-image-18704\"\/><\/figure>\n\n\n\n<p>Os policiais realizaram patrulhamento e buscas na regi\u00e3o, por\u00e9m, nenhum suspeito foi localizado e a v\u00edtima foi orientada quanto aos procedimentos cab\u00edveis.<\/p>\n","protected":false},"excerpt":{"rendered":"<p>A equipe da Pol\u00edcia Militar de Uni\u00e3o da Vit\u00f3ria realizava patrulhamento na localidade de Panorama por volta das 19:51 horas dessa quarta-feira, 17 de janeiro, quando foi abordada por um senhor, o qual relatou um furto. De acordo com o solicitante, um homem teria entrado em sua resid\u00eancia e furtou seu celular e certa quantia [&hellip;]<\/p>\n","protected":false},"author":2,"featured_media":14208,"comment_status":"open","ping_status":"open","sticky":false,"template":"","format":"standard","meta":{"footnotes":""},"categories":[2],"tags":[172],"class_list":["post-18930","post","type-post","status-publish","format-standard","has-post-thumbnail","hentry","category-policial","tag-featured"],"amp_enabled":true,"_links":{"self":[{"href":"https:\/\/radiostudiow.com.br\/site\/wp-json\/wp\/v2\/posts\/18930","targetHints":{"allow":["GET"]}}],"collection":[{"href":"https:\/\/radiostudiow.com.br\/site\/wp-json\/wp\/v2\/posts"}],"about":[{"href":"https:\/\/radiostudiow.com.br\/site\/wp-json\/wp\/v2\/types\/post"}],"author":[{"embeddable":true,"href":"https:\/\/radiostudiow.com.br\/site\/wp-json\/wp\/v2\/users\/2"}],"replies":[{"embeddable":true,"href":"https:\/\/radiostudiow.com.br\/site\/wp-json\/wp\/v2\/comments?post=18930"}],"version-history":[{"count":3,"href":"https:\/\/radiostudiow.com.br\/site\/wp-json\/wp\/v2\/posts\/18930\/revisions"}],"predecessor-version":[{"id":18939,"href":"https:\/\/radiostudiow.com.br\/site\/wp-json\/wp\/v2\/posts\/18930\/revisions\/18939"}],"wp:featuredmedia":[{"embeddable":true,"href":"https:\/\/radiostudiow.com.br\/site\/wp-json\/wp\/v2\/media\/14208"}],"wp:attachment":[{"href":"https:\/\/radiostudiow.com.br\/site\/wp-json\/wp\/v2\/media?parent=18930"}],"wp:term":[{"taxonomy":"category","embeddable":true,"href":"https:\/\/radiostudiow.com.br\/site\/wp-json\/wp\/v2\/categories?post=18930"},{"taxonomy":"post_tag","embeddable":true,"href":"https:\/\/radiostudiow.com.br\/site\/wp-json\/wp\/v2\/tags?post=18930"}],"curies":[{"name":"wp","href":"https:\/\/api.w.org\/{rel}","templated":true}]}}