{"id":18933,"date":"2024-01-18T17:04:45","date_gmt":"2024-01-18T20:04:45","guid":{"rendered":"https:\/\/radiostudiow.com.br\/site\/?p=18933"},"modified":"2025-01-31T15:02:18","modified_gmt":"2025-01-31T18:02:18","slug":"suv-roda-na-pista-e-colide-com-carreta-na-br-153-em-general-carneiro","status":"publish","type":"post","link":"https:\/\/radiostudiow.com.br\/site\/2024\/01\/18\/suv-roda-na-pista-e-colide-com-carreta-na-br-153-em-general-carneiro\/","title":{"rendered":"SUV roda na pista e colide com carreta na BR-153 em General Carneiro"},"content":{"rendered":"\n<p>Mais um acidente foi registrado na rodovia BR-153, na regi\u00e3o de General Carneiro durante a tarde dessa quinta-feira, dia 18 de janeiro. A ocorr\u00eancia foi atendida pelo Corpo de Bombeiros e SAMU.<\/p>\n\n\n\n<figure class=\"wp-block-image size-full\"><img loading=\"lazy\" decoding=\"async\" width=\"897\" height=\"204\" src=\"https:\/\/radiostudiow.com.br\/site\/wp-content\/uploads\/2024\/01\/SITE-GRANDE3.png\" alt=\"\" class=\"wp-image-18936\" srcset=\"https:\/\/radiostudiow.com.br\/site\/wp-content\/uploads\/2024\/01\/SITE-GRANDE3.png 897w, https:\/\/radiostudiow.com.br\/site\/wp-content\/uploads\/2024\/01\/SITE-GRANDE3-300x68.png 300w, https:\/\/radiostudiow.com.br\/site\/wp-content\/uploads\/2024\/01\/SITE-GRANDE3-768x175.png 768w\" sizes=\"auto, (max-width: 897px) 100vw, 897px\" \/><\/figure>\n\n\n\n<p>De acordo com informa\u00e7\u00f5es, o acidente ocorreu na altura do quil\u00f4metro 507 e envolveu uma SUV Toyota\/Hilux de cor prata, com placas de Joinville\/SC, que rodou na pista e bateu com a traseira em uma carreta Scania\/R 440 de cor branca, com placas de Jundia\u00ed\/SP.<\/p>\n\n\n\n<p>Na SUV estavam tr\u00eas pessoas. Uma delas sofreu ferimentos e foi socorrida, sendo encaminhada pelo SAMU para o hospital Regional de Uni\u00e3o da Vit\u00f3ria. O motorista da carreta n\u00e3o se feriu.<\/p>\n\n\n\n<figure class=\"wp-block-image size-full\"><img decoding=\"async\" src=\"https:\/\/radiostudiow.com.br\/site\/wp-content\/uploads\/2024\/01\/SITE-GRANDE5.png\" alt=\"\" class=\"wp-image-18704\"\/><\/figure>\n\n\n\n<figure class=\"wp-block-image size-full\"><img loading=\"lazy\" decoding=\"async\" width=\"500\" height=\"333\" src=\"https:\/\/radiostudiow.com.br\/site\/wp-content\/uploads\/2024\/01\/image-64.png\" alt=\"\" class=\"wp-image-18934\" srcset=\"https:\/\/radiostudiow.com.br\/site\/wp-content\/uploads\/2024\/01\/image-64.png 500w, https:\/\/radiostudiow.com.br\/site\/wp-content\/uploads\/2024\/01\/image-64-300x200.png 300w\" sizes=\"auto, (max-width: 500px) 100vw, 500px\" \/><\/figure>\n","protected":false},"excerpt":{"rendered":"<p>Mais um acidente foi registrado na rodovia BR-153, na regi\u00e3o de General Carneiro durante a tarde dessa quinta-feira, dia 18 de janeiro. A ocorr\u00eancia foi atendida pelo Corpo de Bombeiros e SAMU. De acordo com informa\u00e7\u00f5es, o acidente ocorreu na altura do quil\u00f4metro 507 e envolveu uma SUV Toyota\/Hilux de cor prata, com placas de [&hellip;]<\/p>\n","protected":false},"author":2,"featured_media":18935,"comment_status":"open","ping_status":"open","sticky":false,"template":"","format":"standard","meta":{"footnotes":""},"categories":[185],"tags":[172],"class_list":["post-18933","post","type-post","status-publish","format-standard","has-post-thumbnail","hentry","category-regional","tag-featured"],"amp_enabled":true,"_links":{"self":[{"href":"https:\/\/radiostudiow.com.br\/site\/wp-json\/wp\/v2\/posts\/18933","targetHints":{"allow":["GET"]}}],"collection":[{"href":"https:\/\/radiostudiow.com.br\/site\/wp-json\/wp\/v2\/posts"}],"about":[{"href":"https:\/\/radiostudiow.com.br\/site\/wp-json\/wp\/v2\/types\/post"}],"author":[{"embeddable":true,"href":"https:\/\/radiostudiow.com.br\/site\/wp-json\/wp\/v2\/users\/2"}],"replies":[{"embeddable":true,"href":"https:\/\/radiostudiow.com.br\/site\/wp-json\/wp\/v2\/comments?post=18933"}],"version-history":[{"count":1,"href":"https:\/\/radiostudiow.com.br\/site\/wp-json\/wp\/v2\/posts\/18933\/revisions"}],"predecessor-version":[{"id":18937,"href":"https:\/\/radiostudiow.com.br\/site\/wp-json\/wp\/v2\/posts\/18933\/revisions\/18937"}],"wp:featuredmedia":[{"embeddable":true,"href":"https:\/\/radiostudiow.com.br\/site\/wp-json\/wp\/v2\/media\/18935"}],"wp:attachment":[{"href":"https:\/\/radiostudiow.com.br\/site\/wp-json\/wp\/v2\/media?parent=18933"}],"wp:term":[{"taxonomy":"category","embeddable":true,"href":"https:\/\/radiostudiow.com.br\/site\/wp-json\/wp\/v2\/categories?post=18933"},{"taxonomy":"post_tag","embeddable":true,"href":"https:\/\/radiostudiow.com.br\/site\/wp-json\/wp\/v2\/tags?post=18933"}],"curies":[{"name":"wp","href":"https:\/\/api.w.org\/{rel}","templated":true}]}}