{"id":18943,"date":"2024-01-18T19:01:54","date_gmt":"2024-01-18T22:01:54","guid":{"rendered":"https:\/\/radiostudiow.com.br\/site\/?p=18943"},"modified":"2025-01-31T15:02:18","modified_gmt":"2025-01-31T18:02:18","slug":"desconto-de-6-no-ipva-para-veiculos-com-final-de-placa-5-e-6-termina-nesta-sexta-feira","status":"publish","type":"post","link":"https:\/\/radiostudiow.com.br\/site\/2024\/01\/18\/desconto-de-6-no-ipva-para-veiculos-com-final-de-placa-5-e-6-termina-nesta-sexta-feira\/","title":{"rendered":"IPVA! Desconto de 6% para ve\u00edculos com final de placa 5 E 6 termina nesta sexta-feira (19 de janeiro)"},"content":{"rendered":"\n<p><strong><em>O prazo vale tanto para os contribuintes que pretendem quitar o imposto \u00e0 vista, com desconto de 6%, como para a primeira parcela do pagamento em cinco quotas, sem desconto<\/em>.<\/strong><\/p>\n\n\n\n<figure class=\"wp-block-image size-full\"><img loading=\"lazy\" decoding=\"async\" width=\"897\" height=\"204\" src=\"https:\/\/radiostudiow.com.br\/site\/wp-content\/uploads\/2024\/01\/SITE-GRANDE3.png\" alt=\"\" class=\"wp-image-18936\" srcset=\"https:\/\/radiostudiow.com.br\/site\/wp-content\/uploads\/2024\/01\/SITE-GRANDE3.png 897w, https:\/\/radiostudiow.com.br\/site\/wp-content\/uploads\/2024\/01\/SITE-GRANDE3-300x68.png 300w, https:\/\/radiostudiow.com.br\/site\/wp-content\/uploads\/2024\/01\/SITE-GRANDE3-768x175.png 768w\" sizes=\"auto, (max-width: 897px) 100vw, 897px\" \/><\/figure>\n\n\n\n<p>AEN<\/p>\n\n\n\n<p>A Secretaria da Fazenda e a Receita Estadual do Paran\u00e1 informam que o cronograma de vencimentos para o Imposto sobre a Propriedade de Ve\u00edculos Automotores (IPVA) de 2024 continua nesta sexta-feira (19) para ve\u00edculos com finais de placa 5 e 6. O prazo vale tanto para os contribuintes que pretendem quitar o imposto \u00e0 vista, com desconto de 6%, como para a primeira parcela do pagamento em cinco quotas, sem desconto.<\/p>\n\n\n\n<p>Nesta semana, tamb\u00e9m houve o vencimento para ve\u00edculos com finais de placa 1 e 2 (quarta-feira, j\u00e1 vencido) e&nbsp;<a href=\"https:\/\/www.aen.pr.gov.br\/Noticia\/Vence-nesta-quinta-feira-o-prazo-para-os-donos-dos-veiculos-com-final-de-placa-3-e-4-quitar\" target=\"_blank\" rel=\"noreferrer noopener\">3 e 4<\/a>&nbsp;(esta quinta-feira).<\/p>\n\n\n\n<p>Assim como j\u00e1 vinha ocorrendo em anos anteriores, as guias n\u00e3o s\u00e3o enviadas pelos correios. A Fazenda e a Receita tamb\u00e9m n\u00e3o encaminham boletos por e-mail nem aplicativos de mensagens. Os contribuintes do Paran\u00e1 devem gerar as guias de recolhimento (GR-PR) por meio dos canais oficiais como o\u00a0Portal IPVA, o aplicativo Servi\u00e7os R\u00e1pidos da Receita Estadual (dispon\u00edvel para Android e iOS) ou o\u00a0Portal de Pagamentos de Tributos.<\/p>\n\n\n\n<figure class=\"wp-block-image size-full\"><img loading=\"lazy\" decoding=\"async\" width=\"300\" height=\"180\" src=\"https:\/\/radiostudiow.com.br\/site\/wp-content\/uploads\/2024\/01\/SITE-PEQUENO.png\" alt=\"\" class=\"wp-image-18945\"\/><\/figure>\n\n\n\n<p><strong>OP\u00c7\u00d5ES DE PAGAMENTO<\/strong>&nbsp;<\/p>\n\n\n\n<p>Uma alternativa de pagamento do IPVA \u00e9 o pix. Para isso, o contribuinte deve usar o QR Code presente na guia de recolhimento, reconhecido por mais de 800 institui\u00e7\u00f5es financeiras. O pagamento nessa modalidade \u00e9 compensado em at\u00e9 24 horas e pode ser efetuado pelos canais digitais dos bancos, inclusive aqueles que n\u00e3o t\u00eam conv\u00eanio de recolhimento com o Estado.<\/p>\n\n\n\n<p>Al\u00e9m disso, h\u00e1 a op\u00e7\u00e3o de quitar o IPVA com cart\u00e3o de cr\u00e9dito, modalidade que permite o parcelamento em at\u00e9 12 vezes, com a cobran\u00e7a de juros pelas emissoras dos cart\u00f5es. A tabela de taxas est\u00e1 dispon\u00edvel\u00a0<a href=\"https:\/\/www.fazenda.pr.gov.br\/Pagina\/Empresas-credenciadas-para-pagamento-do-IPVA-com-cartao-de-credito\" target=\"_blank\" rel=\"noreferrer noopener\">AQUI<\/a>.<\/p>\n\n\n\n<p><strong>AL\u00cdQUOTA&nbsp;<\/strong><\/p>\n\n\n\n<p>A al\u00edquota do IPVA no Paran\u00e1 permanece em 3,5% sobre o valor de mercado de carros e motos em geral. Para \u00f4nibus, caminh\u00f5es, ve\u00edculos de carga, aluguel ou movidos a g\u00e1s natural veicular (GNV), a al\u00edquota \u00e9 de 1%. S\u00e3o tributados os ve\u00edculos fabricados nos \u00faltimos 20 anos, ou seja, de 2004 em diante. H\u00e1 isen\u00e7\u00e3o para algumas categorias espec\u00edficas, como \u00f4nibus de transporte p\u00fablico, ve\u00edculos de transporte escolar e ve\u00edculo de propriedade de pessoas com defici\u00eancia, entre outros. O IPVA representa uma das principais fontes tribut\u00e1rias do Estado, e 50% de sua arrecada\u00e7\u00e3o \u00e9 destinada aos munic\u00edpios.<\/p>\n\n\n\n<figure class=\"wp-block-image size-full\"><img loading=\"lazy\" decoding=\"async\" width=\"598\" height=\"204\" src=\"https:\/\/radiostudiow.com.br\/site\/wp-content\/uploads\/2024\/01\/SITE-MEDIO.png\" alt=\"\" class=\"wp-image-18916\" srcset=\"https:\/\/radiostudiow.com.br\/site\/wp-content\/uploads\/2024\/01\/SITE-MEDIO.png 598w, https:\/\/radiostudiow.com.br\/site\/wp-content\/uploads\/2024\/01\/SITE-MEDIO-300x102.png 300w\" sizes=\"auto, (max-width: 598px) 100vw, 598px\" \/><\/figure>\n\n\n\n<p><strong>ATRASO&nbsp;<\/strong><\/p>\n\n\n\n<p>Em caso de atraso no pagamento, a multa cobrada \u00e9 de 0,33% ao dia, acrescida de juros de mora conforme a taxa Selic. Ap\u00f3s 30 dias de atraso, o percentual \u00e9 fixado em 10% do valor do imposto.<\/p>\n\n\n\n<p><strong>SITES FALSOS<\/strong>&nbsp;<\/p>\n\n\n\n<p>A Secretaria da Fazenda alerta os contribuintes sobre a exist\u00eancia de sites falsos que simulam a cobran\u00e7a do IPVA. A recomenda\u00e7\u00e3o da pasta \u00e9 sempre gerar as guias de pagamento pelos sites oficiais, identific\u00e1veis por endere\u00e7os que terminem com a extens\u00e3o \u201c.pr.gov.br\u201d, ou utilizar o aplicativo da Receita Estadual.<\/p>\n\n\n\n<p><strong>Confira o calend\u00e1rio de vencimento do IPVA 2024:<\/strong><\/p>\n\n\n\n<p><strong>FINAL DE PLACA \u2013 prazo de pagamento da quota \u00fanica<\/strong><\/p>\n\n\n\n<p>1 e 2 \u2013 17\/01\/2024 (venceu na quarta-feira)<\/p>\n\n\n\n<p>3 e 4 \u2013 18\/01\/2024 (vence nesta quinta)<\/p>\n\n\n\n<p>5 e 6 \u2013 19\/01\/2024<\/p>\n\n\n\n<p>7 e 8 \u2013 22\/01\/2024<\/p>\n\n\n\n<p>9 e 0 \u2013 23\/01\/2024<\/p>\n\n\n\n<p><strong>FINAL DE PLACA \u2013 cinco parcelas<\/strong><\/p>\n\n\n\n<p>1 e 2 \u2013 17\/01 (venceu nesta quarta-feira), 19\/02, 18\/03, 17\/04, 17\/05<\/p>\n\n\n\n<p>3 e 4 \u2013 18\/01 (vence nesta quinta), 20\/02, 19\/03, 18\/04, 20\/05<\/p>\n\n\n\n<p>5 e 6 \u2013 19\/01, 21\/02, 20\/03, 19\/04, 21\/05<\/p>\n\n\n\n<p>7 e 8 \u2013 22\/01, 22\/02, 21\/03, 22\/04, 22\/05<\/p>\n\n\n\n<p>9 e 0 \u2013 23\/01, 23\/02, 22\/03, 23\/04, 23\/05<\/p>\n","protected":false},"excerpt":{"rendered":"<p>O prazo vale tanto para os contribuintes que pretendem quitar o imposto \u00e0 vista, com desconto de 6%, como para a primeira parcela do pagamento em cinco quotas, sem desconto. AEN A Secretaria da Fazenda e a Receita Estadual do Paran\u00e1 informam que o cronograma de vencimentos para o Imposto sobre a Propriedade de Ve\u00edculos [&hellip;]<\/p>\n","protected":false},"author":2,"featured_media":18615,"comment_status":"open","ping_status":"open","sticky":false,"template":"","format":"standard","meta":{"footnotes":""},"categories":[7],"tags":[172],"class_list":["post-18943","post","type-post","status-publish","format-standard","has-post-thumbnail","hentry","category-geral","tag-featured"],"amp_enabled":true,"_links":{"self":[{"href":"https:\/\/radiostudiow.com.br\/site\/wp-json\/wp\/v2\/posts\/18943","targetHints":{"allow":["GET"]}}],"collection":[{"href":"https:\/\/radiostudiow.com.br\/site\/wp-json\/wp\/v2\/posts"}],"about":[{"href":"https:\/\/radiostudiow.com.br\/site\/wp-json\/wp\/v2\/types\/post"}],"author":[{"embeddable":true,"href":"https:\/\/radiostudiow.com.br\/site\/wp-json\/wp\/v2\/users\/2"}],"replies":[{"embeddable":true,"href":"https:\/\/radiostudiow.com.br\/site\/wp-json\/wp\/v2\/comments?post=18943"}],"version-history":[{"count":4,"href":"https:\/\/radiostudiow.com.br\/site\/wp-json\/wp\/v2\/posts\/18943\/revisions"}],"predecessor-version":[{"id":18955,"href":"https:\/\/radiostudiow.com.br\/site\/wp-json\/wp\/v2\/posts\/18943\/revisions\/18955"}],"wp:featuredmedia":[{"embeddable":true,"href":"https:\/\/radiostudiow.com.br\/site\/wp-json\/wp\/v2\/media\/18615"}],"wp:attachment":[{"href":"https:\/\/radiostudiow.com.br\/site\/wp-json\/wp\/v2\/media?parent=18943"}],"wp:term":[{"taxonomy":"category","embeddable":true,"href":"https:\/\/radiostudiow.com.br\/site\/wp-json\/wp\/v2\/categories?post=18943"},{"taxonomy":"post_tag","embeddable":true,"href":"https:\/\/radiostudiow.com.br\/site\/wp-json\/wp\/v2\/tags?post=18943"}],"curies":[{"name":"wp","href":"https:\/\/api.w.org\/{rel}","templated":true}]}}