{"id":18947,"date":"2024-01-18T19:04:41","date_gmt":"2024-01-18T22:04:41","guid":{"rendered":"https:\/\/radiostudiow.com.br\/site\/?p=18947"},"modified":"2025-01-31T15:02:18","modified_gmt":"2025-01-31T18:02:18","slug":"preso-homem-suspeito-de-matar-a-propria-companheira-em-ivai","status":"publish","type":"post","link":"https:\/\/radiostudiow.com.br\/site\/2024\/01\/18\/preso-homem-suspeito-de-matar-a-propria-companheira-em-ivai\/","title":{"rendered":"PC prende homem suspeito de matar a pr\u00f3pria companheira em Iva\u00ed"},"content":{"rendered":"\n<p>A Pol\u00edcia Civil do Paran\u00e1, por interm\u00e9dio da Delegacia de Imbituva, deu cumprimento ao mandado de pris\u00e3o preventiva expedido em desfavor de um homem de 26 anos, acusado de matar a pr\u00f3pria companheira. O fato aconteceu no dia 06 de janeiro.<\/p>\n\n\n\n<figure class=\"wp-block-image size-full\"><img decoding=\"async\" src=\"https:\/\/radiostudiow.com.br\/site\/wp-content\/uploads\/2024\/01\/SITE-GRANDE.png\" alt=\"\" class=\"wp-image-18949\"\/><\/figure>\n\n\n\n<p>A defesa do suspeito entrou em contato com o Delegado Thiago Andrade, oportunidade em que foram iniciadas as tratativas para a apresenta\u00e7\u00e3o do homem na Delegacia de Pol\u00edcia Civil, que ocorreu na tarde de quarta-feira (17).<\/p>\n\n\n\n<p>O Delegado titular da Delegacia de Imbituva que preside as investiga\u00e7\u00f5es, Dr. Thiago Andrade, disse que <em>\u201cap\u00f3s colher fartos elementos de provas, solicitei junto ao Poder Judici\u00e1rio a pris\u00e3o preventiva do suspeito, que foi decretada. Ele estava foragido desde o ocorrido. Realizamos diversas buscas, na zona rural de Iva\u00ed e nas cidades lim\u00edtrofes, como Reserva e C\u00e2ndido de Abreu, pois recebemos informa\u00e7\u00f5es no sentido de que o suspeito teria ido para essas cidades\u201d.<\/em><\/p>\n\n\n\n<figure class=\"wp-block-image size-full\"><img decoding=\"async\" src=\"https:\/\/radiostudiow.com.br\/site\/wp-content\/uploads\/2023\/08\/image-127.png\" alt=\"\" class=\"wp-image-14660\"\/><\/figure>\n\n\n\n<p>O Delegado ainda afirmou: <em>\u201cquero agradecer \u00e0 popula\u00e7\u00e3o pelas diversas den\u00fancias realizadas em nossos canais de comunica\u00e7\u00e3o. N\u00f3s checamos todas e tenho plena convic\u00e7\u00e3o de que a apresenta\u00e7\u00e3o s\u00f3 aconteceu porque a Pol\u00edcia Civil n\u00e3o parou de realizar dilig\u00eancias para proceder \u00e0 captura\u201d.<\/em><\/p>\n\n\n\n<p><strong><em>\u201cAgora a Pol\u00edcia Civil tem o prazo de 10 dias para encerrar as investiga\u00e7\u00f5es e, ao final, decidir se vai ou n\u00e3o indiciar o suspeito pelo crime de feminic\u00eddio. A pena prevista \u00e9 de 12 a 30 anos\u201d, explica o Delegado.<\/em><\/strong><\/p>\n\n\n\n<p>O preso foi encaminhado ao sistema penitenci\u00e1rio e vai ficar \u00e0 disposi\u00e7\u00e3o da justi\u00e7a.<\/p>\n","protected":false},"excerpt":{"rendered":"<p>A Pol\u00edcia Civil do Paran\u00e1, por interm\u00e9dio da Delegacia de Imbituva, deu cumprimento ao mandado de pris\u00e3o preventiva expedido em desfavor de um homem de 26 anos, acusado de matar a pr\u00f3pria companheira. O fato aconteceu no dia 06 de janeiro. A defesa do suspeito entrou em contato com o Delegado Thiago Andrade, oportunidade em [&hellip;]<\/p>\n","protected":false},"author":2,"featured_media":18948,"comment_status":"open","ping_status":"open","sticky":false,"template":"","format":"standard","meta":{"footnotes":""},"categories":[2],"tags":[172],"class_list":["post-18947","post","type-post","status-publish","format-standard","has-post-thumbnail","hentry","category-policial","tag-featured"],"amp_enabled":true,"_links":{"self":[{"href":"https:\/\/radiostudiow.com.br\/site\/wp-json\/wp\/v2\/posts\/18947","targetHints":{"allow":["GET"]}}],"collection":[{"href":"https:\/\/radiostudiow.com.br\/site\/wp-json\/wp\/v2\/posts"}],"about":[{"href":"https:\/\/radiostudiow.com.br\/site\/wp-json\/wp\/v2\/types\/post"}],"author":[{"embeddable":true,"href":"https:\/\/radiostudiow.com.br\/site\/wp-json\/wp\/v2\/users\/2"}],"replies":[{"embeddable":true,"href":"https:\/\/radiostudiow.com.br\/site\/wp-json\/wp\/v2\/comments?post=18947"}],"version-history":[{"count":2,"href":"https:\/\/radiostudiow.com.br\/site\/wp-json\/wp\/v2\/posts\/18947\/revisions"}],"predecessor-version":[{"id":18952,"href":"https:\/\/radiostudiow.com.br\/site\/wp-json\/wp\/v2\/posts\/18947\/revisions\/18952"}],"wp:featuredmedia":[{"embeddable":true,"href":"https:\/\/radiostudiow.com.br\/site\/wp-json\/wp\/v2\/media\/18948"}],"wp:attachment":[{"href":"https:\/\/radiostudiow.com.br\/site\/wp-json\/wp\/v2\/media?parent=18947"}],"wp:term":[{"taxonomy":"category","embeddable":true,"href":"https:\/\/radiostudiow.com.br\/site\/wp-json\/wp\/v2\/categories?post=18947"},{"taxonomy":"post_tag","embeddable":true,"href":"https:\/\/radiostudiow.com.br\/site\/wp-json\/wp\/v2\/tags?post=18947"}],"curies":[{"name":"wp","href":"https:\/\/api.w.org\/{rel}","templated":true}]}}