{"id":18960,"date":"2024-01-18T19:56:45","date_gmt":"2024-01-18T22:56:45","guid":{"rendered":"https:\/\/radiostudiow.com.br\/site\/?p=18960"},"modified":"2025-01-31T15:02:18","modified_gmt":"2025-01-31T18:02:18","slug":"policia-militar-registra-dois-furtos-em-rio-azul","status":"publish","type":"post","link":"https:\/\/radiostudiow.com.br\/site\/2024\/01\/18\/policia-militar-registra-dois-furtos-em-rio-azul\/","title":{"rendered":"Pol\u00edcia Militar registra dois furtos em Rio Azul"},"content":{"rendered":"\n<p>A equipe da Pol\u00edcia Militar de Rio Azul registrou dois furtos nesta ter\u00e7a-feira (16).<\/p>\n\n\n\n<figure class=\"wp-block-image size-full\"><img loading=\"lazy\" decoding=\"async\" width=\"598\" height=\"204\" src=\"https:\/\/radiostudiow.com.br\/site\/wp-content\/uploads\/2024\/01\/SITE-MEDIO.png\" alt=\"\" class=\"wp-image-18916\" srcset=\"https:\/\/radiostudiow.com.br\/site\/wp-content\/uploads\/2024\/01\/SITE-MEDIO.png 598w, https:\/\/radiostudiow.com.br\/site\/wp-content\/uploads\/2024\/01\/SITE-MEDIO-300x102.png 300w\" sizes=\"auto, (max-width: 598px) 100vw, 598px\" \/><\/figure>\n\n\n\n<p>A primeira situa\u00e7\u00e3o ocorreu em uma escola na localidade de Barra da Cachoeira, a qual foi invadida, e o autor pegou a chave de um dos arm\u00e1rios e quebrou a porta.<\/p>\n\n\n\n<p>O homem ainda furtou os fios do para-raios do local.<\/p>\n\n\n\n<figure class=\"wp-block-image size-full\"><img decoding=\"async\" src=\"https:\/\/radiostudiow.com.br\/site\/wp-content\/uploads\/2024\/01\/SITE-GRANDE5.png\" alt=\"\" class=\"wp-image-18704\"\/><\/figure>\n\n\n\n<p>J\u00e1 o outro furto ocorreu em um estabelecimento na rua Doutor Campos Mello, no centro da cidade. Uma funcion\u00e1ria disse que se sentiu amea\u00e7ada por um homem que entrou no local. Depois disso, ela entregou um \u00f3culos para o homem.<\/p>\n\n\n\n<p>A PM foi informada sobre a situa\u00e7\u00e3o e abordou o autor do furto, o qual estava com o \u00f3culos furtado em uma sacola que estava carregando. O homem foi detido e conduzido para a Delegacia de Rebou\u00e7as.<\/p>\n","protected":false},"excerpt":{"rendered":"<p>A equipe da Pol\u00edcia Militar de Rio Azul registrou dois furtos nesta ter\u00e7a-feira (16). A primeira situa\u00e7\u00e3o ocorreu em uma escola na localidade de Barra da Cachoeira, a qual foi invadida, e o autor pegou a chave de um dos arm\u00e1rios e quebrou a porta. O homem ainda furtou os fios do para-raios do local. [&hellip;]<\/p>\n","protected":false},"author":2,"featured_media":15416,"comment_status":"open","ping_status":"open","sticky":false,"template":"","format":"standard","meta":{"footnotes":""},"categories":[2],"tags":[172],"class_list":["post-18960","post","type-post","status-publish","format-standard","has-post-thumbnail","hentry","category-policial","tag-featured"],"amp_enabled":true,"_links":{"self":[{"href":"https:\/\/radiostudiow.com.br\/site\/wp-json\/wp\/v2\/posts\/18960","targetHints":{"allow":["GET"]}}],"collection":[{"href":"https:\/\/radiostudiow.com.br\/site\/wp-json\/wp\/v2\/posts"}],"about":[{"href":"https:\/\/radiostudiow.com.br\/site\/wp-json\/wp\/v2\/types\/post"}],"author":[{"embeddable":true,"href":"https:\/\/radiostudiow.com.br\/site\/wp-json\/wp\/v2\/users\/2"}],"replies":[{"embeddable":true,"href":"https:\/\/radiostudiow.com.br\/site\/wp-json\/wp\/v2\/comments?post=18960"}],"version-history":[{"count":1,"href":"https:\/\/radiostudiow.com.br\/site\/wp-json\/wp\/v2\/posts\/18960\/revisions"}],"predecessor-version":[{"id":18961,"href":"https:\/\/radiostudiow.com.br\/site\/wp-json\/wp\/v2\/posts\/18960\/revisions\/18961"}],"wp:featuredmedia":[{"embeddable":true,"href":"https:\/\/radiostudiow.com.br\/site\/wp-json\/wp\/v2\/media\/15416"}],"wp:attachment":[{"href":"https:\/\/radiostudiow.com.br\/site\/wp-json\/wp\/v2\/media?parent=18960"}],"wp:term":[{"taxonomy":"category","embeddable":true,"href":"https:\/\/radiostudiow.com.br\/site\/wp-json\/wp\/v2\/categories?post=18960"},{"taxonomy":"post_tag","embeddable":true,"href":"https:\/\/radiostudiow.com.br\/site\/wp-json\/wp\/v2\/tags?post=18960"}],"curies":[{"name":"wp","href":"https:\/\/api.w.org\/{rel}","templated":true}]}}