{"id":18969,"date":"2024-01-19T09:40:19","date_gmt":"2024-01-19T12:40:19","guid":{"rendered":"https:\/\/radiostudiow.com.br\/site\/?p=18969"},"modified":"2025-01-31T15:02:18","modified_gmt":"2025-01-31T18:02:18","slug":"pedagios-da-regiao-voltarao-a-ser-cobrados-a-partir-de-fevereiro","status":"publish","type":"post","link":"https:\/\/radiostudiow.com.br\/site\/2024\/01\/19\/pedagios-da-regiao-voltarao-a-ser-cobrados-a-partir-de-fevereiro\/","title":{"rendered":"Ped\u00e1gios da regi\u00e3o voltar\u00e3o a ser cobrados a partir de fevereiro"},"content":{"rendered":"\n<p>A partir do dia 26 de fevereiro, os ped\u00e1gios de algumas regi\u00f5es do Paran\u00e1 voltam a ser cobrados. A Via Arauc\u00e1ria vai controlar as estradas do Lote 1 \u2013 trecho de 473 quil\u00f4metros de rodovias federais e estaduais \u2013 entre Curitiba e regi\u00e3o metropolitana, e as regi\u00f5es Centro-sul e Campos Gerais do Paran\u00e1.<\/p>\n\n\n\n<figure class=\"wp-block-image size-full\"><img loading=\"lazy\" decoding=\"async\" width=\"897\" height=\"204\" src=\"https:\/\/radiostudiow.com.br\/site\/wp-content\/uploads\/2024\/01\/SITE-GRANDE3.png\" alt=\"\" class=\"wp-image-18936\" srcset=\"https:\/\/radiostudiow.com.br\/site\/wp-content\/uploads\/2024\/01\/SITE-GRANDE3.png 897w, https:\/\/radiostudiow.com.br\/site\/wp-content\/uploads\/2024\/01\/SITE-GRANDE3-300x68.png 300w, https:\/\/radiostudiow.com.br\/site\/wp-content\/uploads\/2024\/01\/SITE-GRANDE3-768x175.png 768w\" sizes=\"auto, (max-width: 897px) 100vw, 897px\" \/><\/figure>\n\n\n\n<p>O lote atravessa 18 cidades e tem cinco pra\u00e7as de cobran\u00e7a. A previs\u00e3o da concession\u00e1ria \u00e9 investir R$ 7,9 bilh\u00f5es em obras, com destina\u00e7\u00e3o de 75% do montante nos primeiros sete anos do contrato, entre 2024 e 2030.<\/p>\n\n\n\n<p>Entre as obras previstas, est\u00e3o a implanta\u00e7\u00e3o de 344 quil\u00f4metros de duplica\u00e7\u00f5es, onde est\u00e1 contemplado o trecho Curitiba-Campo Largo, da BR-277. Al\u00e9m disso, prev\u00ea implantar 215 km de faixas adicionais, 32 km de vias marginais, 27 km de ciclovia, 63 viadutos e trincheiras.<\/p>\n\n\n\n<p>A concession\u00e1ria afirmou que vai instalar um sistema de radiocomunica\u00e7\u00e3o, com implanta\u00e7\u00e3o de torres de r\u00e1dio, totens de atendimento nas bases operacionais e um CCO (Centro de Controle Operacional). A Via Arauc\u00e1ria estima gerar mais de 800 empregos.<\/p>\n\n\n\n<figure class=\"wp-block-image size-full\"><img decoding=\"async\" src=\"https:\/\/radiostudiow.com.br\/site\/wp-content\/uploads\/2024\/01\/SITE-GRANDE5.png\" alt=\"\" class=\"wp-image-18704\"\/><\/figure>\n\n\n\n<h2 class=\"wp-block-heading\">Confira quais cidades est\u00e3o no lote 1:<\/h2>\n\n\n\n<ul class=\"wp-block-list\">\n<li><ul style=\"margin-bottom: 26px; margin-left: auto; margin-right: auto; color: rgb(102, 102, 102); font-family: Roboto; font-size: 18px; white-space-collapse: collapse;\"><li style=\"box-sizing: border-box; line-height: inherit; margin-left: 21px; margin-bottom: 10px; font-size: 18px !important;\">Prudent\u00f3polis<\/li><li style=\"box-sizing: border-box; line-height: inherit; margin-left: 21px; margin-bottom: 10px; font-size: 18px !important;\">Porto Amazonas<\/li><li style=\"box-sizing: border-box; line-height: inherit; margin-left: 21px; margin-bottom: 10px; font-size: 18px !important;\">Guamiranga<\/li><li style=\"box-sizing: border-box; line-height: inherit; margin-left: 21px; margin-bottom: 10px; font-size: 18px !important;\">Teixeira Soares<\/li><li style=\"box-sizing: border-box; line-height: inherit; margin-left: 21px; margin-bottom: 10px; font-size: 18px !important;\">Fernandes Pinheiro<\/li><li style=\"box-sizing: border-box; line-height: inherit; margin-left: 21px; margin-bottom: 10px; font-size: 18px !important;\">Imbituva<\/li><li style=\"box-sizing: border-box; line-height: inherit; margin-left: 21px; margin-bottom: 10px; font-size: 18px !important;\">Ipiranga<\/li><li style=\"box-sizing: border-box; line-height: inherit; margin-left: 21px; margin-bottom: 10px; font-size: 18px !important;\">Ponta Grossa<\/li><li style=\"box-sizing: border-box; line-height: inherit; margin-left: 21px; margin-bottom: 10px; font-size: 18px !important;\">Curitiba<\/li><li style=\"box-sizing: border-box; line-height: inherit; margin-left: 21px; margin-bottom: 10px; font-size: 18px !important;\">Lapa<\/li><li style=\"box-sizing: border-box; line-height: inherit; margin-left: 21px; margin-bottom: 10px; font-size: 18px !important;\">Irati<\/li><li style=\"box-sizing: border-box; line-height: inherit; margin-left: 21px; margin-bottom: 10px; font-size: 18px !important;\">Palmeira<\/li><li style=\"box-sizing: border-box; line-height: inherit; margin-left: 21px; margin-bottom: 10px; font-size: 18px !important;\">Campo Largo<\/li><li style=\"box-sizing: border-box; line-height: inherit; margin-left: 21px; margin-bottom: 10px; font-size: 18px !important;\">Balsa Nova<\/li><li style=\"box-sizing: border-box; line-height: inherit; margin-left: 21px; margin-bottom: 10px; font-size: 18px !important;\">Arauc\u00e1ria<\/li><li style=\"box-sizing: border-box; line-height: inherit; margin-left: 21px; margin-bottom: 10px; font-size: 18px !important;\">Contenda<\/li><li style=\"box-sizing: border-box; line-height: inherit; margin-left: 21px; margin-bottom: 10px; font-size: 18px !important;\">Almirante Tamandar\u00e9<\/li><li style=\"box-sizing: border-box; line-height: inherit; margin-left: 21px; margin-bottom: 0px; font-size: 18px !important;\">Colombo<\/li><\/ul><\/li>\n<\/ul>\n\n\n\n<p><em>Informa\u00e7\u00f5es GMais<\/em><\/p>\n","protected":false},"excerpt":{"rendered":"<p>A partir do dia 26 de fevereiro, os ped\u00e1gios de algumas regi\u00f5es do Paran\u00e1 voltam a ser cobrados. A Via Arauc\u00e1ria vai controlar as estradas do Lote 1 \u2013 trecho de 473 quil\u00f4metros de rodovias federais e estaduais \u2013 entre Curitiba e regi\u00e3o metropolitana, e as regi\u00f5es Centro-sul e Campos Gerais do Paran\u00e1. O lote [&hellip;]<\/p>\n","protected":false},"author":2,"featured_media":18970,"comment_status":"open","ping_status":"open","sticky":false,"template":"","format":"standard","meta":{"footnotes":""},"categories":[7],"tags":[172],"class_list":["post-18969","post","type-post","status-publish","format-standard","has-post-thumbnail","hentry","category-geral","tag-featured"],"amp_enabled":true,"_links":{"self":[{"href":"https:\/\/radiostudiow.com.br\/site\/wp-json\/wp\/v2\/posts\/18969","targetHints":{"allow":["GET"]}}],"collection":[{"href":"https:\/\/radiostudiow.com.br\/site\/wp-json\/wp\/v2\/posts"}],"about":[{"href":"https:\/\/radiostudiow.com.br\/site\/wp-json\/wp\/v2\/types\/post"}],"author":[{"embeddable":true,"href":"https:\/\/radiostudiow.com.br\/site\/wp-json\/wp\/v2\/users\/2"}],"replies":[{"embeddable":true,"href":"https:\/\/radiostudiow.com.br\/site\/wp-json\/wp\/v2\/comments?post=18969"}],"version-history":[{"count":1,"href":"https:\/\/radiostudiow.com.br\/site\/wp-json\/wp\/v2\/posts\/18969\/revisions"}],"predecessor-version":[{"id":18971,"href":"https:\/\/radiostudiow.com.br\/site\/wp-json\/wp\/v2\/posts\/18969\/revisions\/18971"}],"wp:featuredmedia":[{"embeddable":true,"href":"https:\/\/radiostudiow.com.br\/site\/wp-json\/wp\/v2\/media\/18970"}],"wp:attachment":[{"href":"https:\/\/radiostudiow.com.br\/site\/wp-json\/wp\/v2\/media?parent=18969"}],"wp:term":[{"taxonomy":"category","embeddable":true,"href":"https:\/\/radiostudiow.com.br\/site\/wp-json\/wp\/v2\/categories?post=18969"},{"taxonomy":"post_tag","embeddable":true,"href":"https:\/\/radiostudiow.com.br\/site\/wp-json\/wp\/v2\/tags?post=18969"}],"curies":[{"name":"wp","href":"https:\/\/api.w.org\/{rel}","templated":true}]}}