{"id":18972,"date":"2024-01-19T09:58:44","date_gmt":"2024-01-19T12:58:44","guid":{"rendered":"https:\/\/radiostudiow.com.br\/site\/?p=18972"},"modified":"2025-01-31T15:02:18","modified_gmt":"2025-01-31T18:02:18","slug":"policia-ambiental-apreende-16-passaros-nativos-mantidos-em-cativeiro-em-reserva","status":"publish","type":"post","link":"https:\/\/radiostudiow.com.br\/site\/2024\/01\/19\/policia-ambiental-apreende-16-passaros-nativos-mantidos-em-cativeiro-em-reserva\/","title":{"rendered":"Pol\u00edcia Ambiental apreende 16 p\u00e1ssaros nativos mantidos em cativeiro"},"content":{"rendered":"\n<p><strong><em>O respons\u00e1vel foi lavrado em termo circunstanciado, al\u00e9m de receber uma autua\u00e7\u00e3o ambiental no valor de R$ 8 mil<\/em>.<\/strong><\/p>\n\n\n\n<figure class=\"wp-block-image size-full\"><img decoding=\"async\" src=\"https:\/\/radiostudiow.com.br\/site\/wp-content\/uploads\/2024\/01\/SITE-GRANDE2.png\" alt=\"\" class=\"wp-image-18938\"\/><\/figure>\n\n\n\n<p>A equipe da Pol\u00edcia Ambiental apreendeu em uma propriedade no munic\u00edpio de Reserva, 16 p\u00e1ssaros nativos que estavam sendo mantidos em cativeiro, sem autoriza\u00e7\u00e3o do \u00f3rg\u00e3o ambiental competente ap\u00f3s den\u00fancia 181.<\/p>\n\n\n\n<p>O respons\u00e1vel, um jovem de 27 anos, foi lavrado em termo circunstanciado, al\u00e9m de receber uma autua\u00e7\u00e3o ambiental no valor de R$ 8 mil (Oito mil reais).<\/p>\n\n\n\n<figure class=\"wp-block-image size-full\"><img decoding=\"async\" src=\"https:\/\/radiostudiow.com.br\/site\/wp-content\/uploads\/2024\/01\/SITE-GRANDE5.png\" alt=\"\" class=\"wp-image-18704\"\/><\/figure>\n\n\n\n<p>Os p\u00e1ssaros encontrados s\u00e3o: cinco Trinca ferro, tr\u00eas Can\u00e1rios da Terra, dois Bigodinho, cinco Coleirinhas e um Pintassilgo.<\/p>\n","protected":false},"excerpt":{"rendered":"<p>O respons\u00e1vel foi lavrado em termo circunstanciado, al\u00e9m de receber uma autua\u00e7\u00e3o ambiental no valor de R$ 8 mil. A equipe da Pol\u00edcia Ambiental apreendeu em uma propriedade no munic\u00edpio de Reserva, 16 p\u00e1ssaros nativos que estavam sendo mantidos em cativeiro, sem autoriza\u00e7\u00e3o do \u00f3rg\u00e3o ambiental competente ap\u00f3s den\u00fancia 181. O respons\u00e1vel, um jovem de [&hellip;]<\/p>\n","protected":false},"author":2,"featured_media":18973,"comment_status":"open","ping_status":"open","sticky":false,"template":"","format":"standard","meta":{"footnotes":""},"categories":[2],"tags":[172],"class_list":["post-18972","post","type-post","status-publish","format-standard","has-post-thumbnail","hentry","category-policial","tag-featured"],"amp_enabled":true,"_links":{"self":[{"href":"https:\/\/radiostudiow.com.br\/site\/wp-json\/wp\/v2\/posts\/18972","targetHints":{"allow":["GET"]}}],"collection":[{"href":"https:\/\/radiostudiow.com.br\/site\/wp-json\/wp\/v2\/posts"}],"about":[{"href":"https:\/\/radiostudiow.com.br\/site\/wp-json\/wp\/v2\/types\/post"}],"author":[{"embeddable":true,"href":"https:\/\/radiostudiow.com.br\/site\/wp-json\/wp\/v2\/users\/2"}],"replies":[{"embeddable":true,"href":"https:\/\/radiostudiow.com.br\/site\/wp-json\/wp\/v2\/comments?post=18972"}],"version-history":[{"count":2,"href":"https:\/\/radiostudiow.com.br\/site\/wp-json\/wp\/v2\/posts\/18972\/revisions"}],"predecessor-version":[{"id":18987,"href":"https:\/\/radiostudiow.com.br\/site\/wp-json\/wp\/v2\/posts\/18972\/revisions\/18987"}],"wp:featuredmedia":[{"embeddable":true,"href":"https:\/\/radiostudiow.com.br\/site\/wp-json\/wp\/v2\/media\/18973"}],"wp:attachment":[{"href":"https:\/\/radiostudiow.com.br\/site\/wp-json\/wp\/v2\/media?parent=18972"}],"wp:term":[{"taxonomy":"category","embeddable":true,"href":"https:\/\/radiostudiow.com.br\/site\/wp-json\/wp\/v2\/categories?post=18972"},{"taxonomy":"post_tag","embeddable":true,"href":"https:\/\/radiostudiow.com.br\/site\/wp-json\/wp\/v2\/tags?post=18972"}],"curies":[{"name":"wp","href":"https:\/\/api.w.org\/{rel}","templated":true}]}}