{"id":18977,"date":"2024-01-19T13:21:33","date_gmt":"2024-01-19T16:21:33","guid":{"rendered":"https:\/\/radiostudiow.com.br\/site\/?p=18977"},"modified":"2025-01-31T15:02:18","modified_gmt":"2025-01-31T18:02:18","slug":"tristeza-na-comunidade-ucraniana-morre-aos-47-anos-padre-josafa-firman","status":"publish","type":"post","link":"https:\/\/radiostudiow.com.br\/site\/2024\/01\/19\/tristeza-na-comunidade-ucraniana-morre-aos-47-anos-padre-josafa-firman\/","title":{"rendered":"TRISTEZA NA COMUNIDADE UCRANIANA, MORRE AOS 47 ANOS PADRE JOSAF\u00c1 FIRMAN"},"content":{"rendered":"\n<p><em><strong>Padre Josaf\u00e1 era p\u00e1roco da Par\u00f3quia Ucraniana Cat\u00f3lica S\u00e3o Bas\u00edlio Magno em Uni\u00e3o da Vit\u00f3ria.<\/strong><\/em><\/p>\n\n\n\n<figure class=\"wp-block-image size-full\"><img decoding=\"async\" src=\"https:\/\/radiostudiow.com.br\/site\/wp-content\/uploads\/2023\/10\/SITE-GRANDE5.png\" alt=\"\" class=\"wp-image-16372\"\/><\/figure>\n\n\n\n<p>O final de semana inicia com tristeza na comunidade ucraniana da nossa regi\u00e3o.<\/p>\n\n\n\n<p>Internado no Hospital Regional, enfrentando complica\u00e7\u00f5es de sa\u00fade decorrentes de um linfoma diagnosticado no ano passado, o Padre Vig\u00e1rio da Matriz S\u00e3o Bas\u00edlio Magno morreu na manh\u00e3 desta sexta-feira dia 19 de janeiro.<\/p>\n\n\n\n<p>Segundo o Portal VVale, a comunidade, que desde o diagn\u00f3stico vinha mobilizando centenas de pessoas em correntes de ora\u00e7\u00e3o pela melhora do estado de sa\u00fade do Padre, agora chora a perda desse l\u00edder espiritual querido.<\/p>\n\n\n\n<p>Na \u00faltima semana, o quadro de sa\u00fade do Padre Firman agravou-se devido a complica\u00e7\u00f5es nos rins, resultando em sua hospitaliza\u00e7\u00e3o. Infelizmente, nesta semana, a situa\u00e7\u00e3o tornou-se ainda mais cr\u00edtica ap\u00f3s o Padre sofrer uma parada card\u00edaca. Apesar de todos os esfor\u00e7os da equipe m\u00e9dica, Padre Josaf\u00e1 Firman n\u00e3o resistiu.<\/p>\n\n\n\n<figure class=\"wp-block-image size-full\"><img loading=\"lazy\" decoding=\"async\" width=\"897\" height=\"204\" src=\"https:\/\/radiostudiow.com.br\/site\/wp-content\/uploads\/2024\/01\/SITE-GRANDE3.png\" alt=\"zaions\" class=\"wp-image-18936\" srcset=\"https:\/\/radiostudiow.com.br\/site\/wp-content\/uploads\/2024\/01\/SITE-GRANDE3.png 897w, https:\/\/radiostudiow.com.br\/site\/wp-content\/uploads\/2024\/01\/SITE-GRANDE3-300x68.png 300w, https:\/\/radiostudiow.com.br\/site\/wp-content\/uploads\/2024\/01\/SITE-GRANDE3-768x175.png 768w\" sizes=\"auto, (max-width: 897px) 100vw, 897px\" \/><\/figure>\n\n\n\n<h1 class=\"wp-block-heading\" style=\"font-size:23px;font-style:normal;font-weight:700;text-transform:uppercase\">Uma Vida Dedicada ao Servi\u00e7o Religioso<\/h1>\n\n\n\n<p><\/p>\n\n\n\n<p>Nascido em 16 de junho de 1976, na cidade de Rio Azul-PR, Padre Josaf\u00e1 Firman, filho de Clemente Firman e Ana Sobenko Firman, deixou um legado marcante em sua jornada dedicada ao servi\u00e7o religioso. Seu comprometimento com a f\u00e9 e a comunidade moldou uma trajet\u00f3ria not\u00e1vel.<\/p>\n\n\n\n<p>Durante sua inf\u00e2ncia e in\u00edcio da educa\u00e7\u00e3o, Josaf\u00e1 frequentou a escola em Mallet-PR, cursando o prim\u00e1rio de 1983 a 1986.<\/p>\n\n\n\n<p>Em 1987, ingressou no Semin\u00e1rio Menor S\u00e3o Josafat, tamb\u00e9m em Mallet, onde concluiu o ensino fundamental e m\u00e9dio, este \u00faltimo no Col\u00e9gio Nicolau Cop\u00e9rnico.<\/p>\n\n\n\n<p>O ano de 1994 trouxe uma mudan\u00e7a significativa, pois, devido a um inc\u00eandio no Semin\u00e1rio Menor S\u00e3o Josafat, Padre Josaf\u00e1 foi transferido para a Par\u00f3quia S\u00e3o Bas\u00edlio Magno em Uni\u00e3o da Vit\u00f3ria, concluindo o 2\u00ba Grau no Col\u00e9gio S\u00e3o Jos\u00e9, em Porto Uni\u00e3o \u2013 SC.<\/p>\n\n\n\n<p>A partir de 1995, dedicou-se ao Semin\u00e1rio Maior S\u00e3o Josafat, em Curitiba-PR, onde cursou Filosofia e Teologia, obtendo o t\u00edtulo de Bacharel em Teologia pela Pontif\u00edcia Universidade Lateranense de Roma em dezembro de 2001.<\/p>\n\n\n\n<p>Em 30 de novembro de 2001, recebeu as primeiras ordens (Subdiaconato) e, em 16 de dezembro do mesmo ano, foi ordenado Di\u00e1cono. No dia 17 de mar\u00e7o de 2002, alcan\u00e7ou um marco significativo ao ser ordenado Sacerdote pelas m\u00e3os do Eparca D. Efraim Bas\u00edlio Krevei, na Par\u00f3quia Sagrado Cora\u00e7\u00e3o de Jesus, em Mallet.<\/p>\n\n\n\n<p>Ao longo de sua jornada, Padre Josaf\u00e1 Firman recebeu nomea\u00e7\u00f5es importantes, destacando-se como Coadjutor das Par\u00f3quias em Mallet, Dorizon, Vera Guarani (Paulo Frontin) e Uni\u00e3o da Vit\u00f3ria. Posteriormente, tornou-se P\u00e1roco da Par\u00f3quia S\u00e3o Nicolau, em Roncador \u2013 PR, a partir de agosto de 2003.<\/p>\n\n\n\n<p>Nos \u00faltimos anos, Padre Josaf\u00e1 Firman atuou como P\u00e1roco na Par\u00f3quia S\u00e3o Bas\u00edlio Magno em Uni\u00e3o da Vit\u00f3ria, deixando uma marca indel\u00e9vel de dedica\u00e7\u00e3o e servi\u00e7o \u00e0 comunidade religiosa. Seu legado ser\u00e1 lembrado com gratid\u00e3o e respeito por todos aqueles que tiveram a oportunidade de compartilhar sua f\u00e9 e conviv\u00eancia.<\/p>\n\n\n\n<p>O vel\u00f3rio na cidade de Mallet acontecer\u00e1 amanh\u00e3 s\u00e1bado dia 20 de janeiro a partir das 08:00 horas na Igreja Matriz Sagrado Cora\u00e7\u00e3o de Jesus e o sepultamento ser\u00e1 no cemit\u00e9rio Jardim da Saudade na Col\u00f4nia Quatro em Mallet-PR, com hor\u00e1rio a ser marcado<\/p>\n\n\n\n<p><strong>A STUDIO W TV QUE J\u00c1 TRANSMITIU V\u00c1RIAS VEZES A CELEBRA\u00c7\u00c3O DA DIVINA LITURGIA&nbsp;PRESIDIDA PELO PADRE JOSAF\u00c1 FIRMAN LAMENTA A MORTE DESTE GRANDE AMIGO E UM GRANDE L\u00cdDER DA IGREJA UCRANIANA CAT\u00d3LICA.<\/strong><\/p>\n\n\n\n<figure class=\"wp-block-image size-full\"><img decoding=\"async\" src=\"https:\/\/radiostudiow.com.br\/site\/wp-content\/uploads\/2022\/05\/NUTRI-MALLET.jpg\" alt=\"\" class=\"wp-image-7282\"\/><\/figure>\n\n\n\n<p><em>Foto: Redes Sociais&nbsp;<\/em><\/p>\n\n\n\n<p><em>Fonte: Portal VVale<\/em><\/p>\n","protected":false},"excerpt":{"rendered":"<p>Padre Josaf\u00e1 era p\u00e1roco da Par\u00f3quia Ucraniana Cat\u00f3lica S\u00e3o Bas\u00edlio Magno em Uni\u00e3o da Vit\u00f3ria. O final de semana inicia com tristeza na comunidade ucraniana da nossa regi\u00e3o. Internado no Hospital Regional, enfrentando complica\u00e7\u00f5es de sa\u00fade decorrentes de um linfoma diagnosticado no ano passado, o Padre Vig\u00e1rio da Matriz S\u00e3o Bas\u00edlio Magno morreu na manh\u00e3 [&hellip;]<\/p>\n","protected":false},"author":2,"featured_media":18982,"comment_status":"open","ping_status":"open","sticky":false,"template":"","format":"standard","meta":{"footnotes":""},"categories":[185],"tags":[172],"class_list":["post-18977","post","type-post","status-publish","format-standard","has-post-thumbnail","hentry","category-regional","tag-featured"],"amp_enabled":true,"_links":{"self":[{"href":"https:\/\/radiostudiow.com.br\/site\/wp-json\/wp\/v2\/posts\/18977","targetHints":{"allow":["GET"]}}],"collection":[{"href":"https:\/\/radiostudiow.com.br\/site\/wp-json\/wp\/v2\/posts"}],"about":[{"href":"https:\/\/radiostudiow.com.br\/site\/wp-json\/wp\/v2\/types\/post"}],"author":[{"embeddable":true,"href":"https:\/\/radiostudiow.com.br\/site\/wp-json\/wp\/v2\/users\/2"}],"replies":[{"embeddable":true,"href":"https:\/\/radiostudiow.com.br\/site\/wp-json\/wp\/v2\/comments?post=18977"}],"version-history":[{"count":2,"href":"https:\/\/radiostudiow.com.br\/site\/wp-json\/wp\/v2\/posts\/18977\/revisions"}],"predecessor-version":[{"id":18983,"href":"https:\/\/radiostudiow.com.br\/site\/wp-json\/wp\/v2\/posts\/18977\/revisions\/18983"}],"wp:featuredmedia":[{"embeddable":true,"href":"https:\/\/radiostudiow.com.br\/site\/wp-json\/wp\/v2\/media\/18982"}],"wp:attachment":[{"href":"https:\/\/radiostudiow.com.br\/site\/wp-json\/wp\/v2\/media?parent=18977"}],"wp:term":[{"taxonomy":"category","embeddable":true,"href":"https:\/\/radiostudiow.com.br\/site\/wp-json\/wp\/v2\/categories?post=18977"},{"taxonomy":"post_tag","embeddable":true,"href":"https:\/\/radiostudiow.com.br\/site\/wp-json\/wp\/v2\/tags?post=18977"}],"curies":[{"name":"wp","href":"https:\/\/api.w.org\/{rel}","templated":true}]}}