{"id":18990,"date":"2024-01-19T17:42:04","date_gmt":"2024-01-19T20:42:04","guid":{"rendered":"https:\/\/radiostudiow.com.br\/site\/?p=18990"},"modified":"2025-01-31T15:02:18","modified_gmt":"2025-01-31T18:02:18","slug":"bombeiros-seguem-buscas-por-jovem-que-caiu-nas-corredeiras-de-porto-vitoria-com-apoio-do-gost-e-de-helicoptero-da-pm","status":"publish","type":"post","link":"https:\/\/radiostudiow.com.br\/site\/2024\/01\/19\/bombeiros-seguem-buscas-por-jovem-que-caiu-nas-corredeiras-de-porto-vitoria-com-apoio-do-gost-e-de-helicoptero-da-pm\/","title":{"rendered":"Bombeiros seguem buscas por jovem que caiu nas corredeiras de Porto Vit\u00f3ria com apoio do GOST e de helic\u00f3ptero da PM"},"content":{"rendered":"\n<p>A equipe do Corpo de Bombeiros de Uni\u00e3o da Vit\u00f3ria segue nas buscas pelo corpo do jovem Gilson Alves Ribeiro Junior, que caiu nas corredeiras de Porto Vit\u00f3ria e foi levado pelas \u00e1guas do rio Igua\u00e7u. <\/p>\n\n\n\n<p><strong>Com apoio do helic\u00f3ptero Falc\u00e3o 03 do Batalh\u00e3o da Pol\u00edcia Militar de Opera\u00e7\u00f5es A\u00e9reas e da equipe do Grupo de Opera\u00e7\u00f5es de Socorro T\u00e1tico \u2013 GOST de Curitiba.<\/strong><\/p>\n\n\n\n<figure class=\"wp-block-image size-full\"><img loading=\"lazy\" decoding=\"async\" width=\"897\" height=\"204\" src=\"https:\/\/radiostudiow.com.br\/site\/wp-content\/uploads\/2024\/01\/SITE-GRANDE3.png\" alt=\"zaions\" class=\"wp-image-18936\" srcset=\"https:\/\/radiostudiow.com.br\/site\/wp-content\/uploads\/2024\/01\/SITE-GRANDE3.png 897w, https:\/\/radiostudiow.com.br\/site\/wp-content\/uploads\/2024\/01\/SITE-GRANDE3-300x68.png 300w, https:\/\/radiostudiow.com.br\/site\/wp-content\/uploads\/2024\/01\/SITE-GRANDE3-768x175.png 768w\" sizes=\"auto, (max-width: 897px) 100vw, 897px\" \/><\/figure>\n\n\n\n<p>Durante toda a semana foram realizadas buscas pela extens\u00e3o do rio Igua\u00e7u, as quais seguem nessa sexta-feira, 19 de janeiro, com a expectativa de localizar o corpo.<\/p>\n\n\n\n<p>O jovem de 23 anos de idade, caiu nas corredeiras no \u00faltimo s\u00e1bado, 13 de janeiro, quando estava pescando com um amigo e acabou se desequilibrando e caindo, sendo levado pela correnteza.<\/p>\n","protected":false},"excerpt":{"rendered":"<p>A equipe do Corpo de Bombeiros de Uni\u00e3o da Vit\u00f3ria segue nas buscas pelo corpo do jovem Gilson Alves Ribeiro Junior, que caiu nas corredeiras de Porto Vit\u00f3ria e foi levado pelas \u00e1guas do rio Igua\u00e7u. Com apoio do helic\u00f3ptero Falc\u00e3o 03 do Batalh\u00e3o da Pol\u00edcia Militar de Opera\u00e7\u00f5es A\u00e9reas e da equipe do Grupo [&hellip;]<\/p>\n","protected":false},"author":2,"featured_media":18783,"comment_status":"open","ping_status":"open","sticky":false,"template":"","format":"standard","meta":{"footnotes":""},"categories":[185],"tags":[172],"class_list":["post-18990","post","type-post","status-publish","format-standard","has-post-thumbnail","hentry","category-regional","tag-featured"],"amp_enabled":true,"_links":{"self":[{"href":"https:\/\/radiostudiow.com.br\/site\/wp-json\/wp\/v2\/posts\/18990","targetHints":{"allow":["GET"]}}],"collection":[{"href":"https:\/\/radiostudiow.com.br\/site\/wp-json\/wp\/v2\/posts"}],"about":[{"href":"https:\/\/radiostudiow.com.br\/site\/wp-json\/wp\/v2\/types\/post"}],"author":[{"embeddable":true,"href":"https:\/\/radiostudiow.com.br\/site\/wp-json\/wp\/v2\/users\/2"}],"replies":[{"embeddable":true,"href":"https:\/\/radiostudiow.com.br\/site\/wp-json\/wp\/v2\/comments?post=18990"}],"version-history":[{"count":2,"href":"https:\/\/radiostudiow.com.br\/site\/wp-json\/wp\/v2\/posts\/18990\/revisions"}],"predecessor-version":[{"id":18996,"href":"https:\/\/radiostudiow.com.br\/site\/wp-json\/wp\/v2\/posts\/18990\/revisions\/18996"}],"wp:featuredmedia":[{"embeddable":true,"href":"https:\/\/radiostudiow.com.br\/site\/wp-json\/wp\/v2\/media\/18783"}],"wp:attachment":[{"href":"https:\/\/radiostudiow.com.br\/site\/wp-json\/wp\/v2\/media?parent=18990"}],"wp:term":[{"taxonomy":"category","embeddable":true,"href":"https:\/\/radiostudiow.com.br\/site\/wp-json\/wp\/v2\/categories?post=18990"},{"taxonomy":"post_tag","embeddable":true,"href":"https:\/\/radiostudiow.com.br\/site\/wp-json\/wp\/v2\/tags?post=18990"}],"curies":[{"name":"wp","href":"https:\/\/api.w.org\/{rel}","templated":true}]}}