{"id":18992,"date":"2024-01-19T17:29:28","date_gmt":"2024-01-19T20:29:28","guid":{"rendered":"https:\/\/radiostudiow.com.br\/site\/?p=18992"},"modified":"2025-01-31T15:02:18","modified_gmt":"2025-01-31T18:02:18","slug":"homem-de-28-anos-morre-apos-grave-acidente-na-br-153","status":"publish","type":"post","link":"https:\/\/radiostudiow.com.br\/site\/2024\/01\/19\/homem-de-28-anos-morre-apos-grave-acidente-na-br-153\/","title":{"rendered":"Homem de 28 anos morre ap\u00f3s grave acidente na BR-153"},"content":{"rendered":"\n<p>O acidente registrado por volta das 14:00 horas desta sexta-feira, 19 de janeiro, culminou com a morte de um homem de 28 anos, que estava em um ve\u00edculo Hyundai\/i30 com placas de S\u00e3o Paulo e se envolveu em uma colis\u00e3o com uma Toyota\/Hilux com placas de Sorriso (MT).<\/p>\n\n\n\n<figure class=\"wp-block-image size-full\"><img decoding=\"async\" src=\"https:\/\/radiostudiow.com.br\/site\/wp-content\/uploads\/2024\/01\/SITE-GRANDE5.png\" alt=\"\" class=\"wp-image-18704\"\/><\/figure>\n\n\n\n<p>Al\u00e9m da v\u00edtima fatal, no carro com placas de S\u00e3o Paulo outras duas pessoas foram encaminhadas para atendimento m\u00e9dico, uma delas identificada como Robson Padilha que foi professor em General Carneiro. Robson foi encaminhado ao Hospital com ferimentos graves.<\/p>\n\n\n\n<p>Na Hilux um casal que teve les\u00f5es leves. Samu e Corpo de Bombeiros atenderam a situa\u00e7\u00e3o.<\/p>\n\n\n\n<figure class=\"wp-block-image size-full\"><img loading=\"lazy\" decoding=\"async\" width=\"598\" height=\"204\" src=\"https:\/\/radiostudiow.com.br\/site\/wp-content\/uploads\/2024\/01\/SITE-MEDIO.png\" alt=\"\" class=\"wp-image-18916\" srcset=\"https:\/\/radiostudiow.com.br\/site\/wp-content\/uploads\/2024\/01\/SITE-MEDIO.png 598w, https:\/\/radiostudiow.com.br\/site\/wp-content\/uploads\/2024\/01\/SITE-MEDIO-300x102.png 300w\" sizes=\"auto, (max-width: 598px) 100vw, 598px\" \/><\/figure>\n","protected":false},"excerpt":{"rendered":"<p>O acidente registrado por volta das 14:00 horas desta sexta-feira, 19 de janeiro, culminou com a morte de um homem de 28 anos, que estava em um ve\u00edculo Hyundai\/i30 com placas de S\u00e3o Paulo e se envolveu em uma colis\u00e3o com uma Toyota\/Hilux com placas de Sorriso (MT). Al\u00e9m da v\u00edtima fatal, no carro com [&hellip;]<\/p>\n","protected":false},"author":2,"featured_media":18993,"comment_status":"open","ping_status":"open","sticky":false,"template":"","format":"standard","meta":{"footnotes":""},"categories":[185],"tags":[172],"class_list":["post-18992","post","type-post","status-publish","format-standard","has-post-thumbnail","hentry","category-regional","tag-featured"],"amp_enabled":true,"_links":{"self":[{"href":"https:\/\/radiostudiow.com.br\/site\/wp-json\/wp\/v2\/posts\/18992","targetHints":{"allow":["GET"]}}],"collection":[{"href":"https:\/\/radiostudiow.com.br\/site\/wp-json\/wp\/v2\/posts"}],"about":[{"href":"https:\/\/radiostudiow.com.br\/site\/wp-json\/wp\/v2\/types\/post"}],"author":[{"embeddable":true,"href":"https:\/\/radiostudiow.com.br\/site\/wp-json\/wp\/v2\/users\/2"}],"replies":[{"embeddable":true,"href":"https:\/\/radiostudiow.com.br\/site\/wp-json\/wp\/v2\/comments?post=18992"}],"version-history":[{"count":1,"href":"https:\/\/radiostudiow.com.br\/site\/wp-json\/wp\/v2\/posts\/18992\/revisions"}],"predecessor-version":[{"id":18994,"href":"https:\/\/radiostudiow.com.br\/site\/wp-json\/wp\/v2\/posts\/18992\/revisions\/18994"}],"wp:featuredmedia":[{"embeddable":true,"href":"https:\/\/radiostudiow.com.br\/site\/wp-json\/wp\/v2\/media\/18993"}],"wp:attachment":[{"href":"https:\/\/radiostudiow.com.br\/site\/wp-json\/wp\/v2\/media?parent=18992"}],"wp:term":[{"taxonomy":"category","embeddable":true,"href":"https:\/\/radiostudiow.com.br\/site\/wp-json\/wp\/v2\/categories?post=18992"},{"taxonomy":"post_tag","embeddable":true,"href":"https:\/\/radiostudiow.com.br\/site\/wp-json\/wp\/v2\/tags?post=18992"}],"curies":[{"name":"wp","href":"https:\/\/api.w.org\/{rel}","templated":true}]}}