{"id":19020,"date":"2024-01-20T11:03:24","date_gmt":"2024-01-20T14:03:24","guid":{"rendered":"https:\/\/radiostudiow.com.br\/site\/?p=19020"},"modified":"2025-01-31T15:02:18","modified_gmt":"2025-01-31T18:02:18","slug":"homem-e-encontrado-morto-em-sao-joao-do-triunfo","status":"publish","type":"post","link":"https:\/\/radiostudiow.com.br\/site\/2024\/01\/20\/homem-e-encontrado-morto-em-sao-joao-do-triunfo\/","title":{"rendered":"Homem \u00e9 encontrado morto em S\u00e3o Jo\u00e3o do Triunfo"},"content":{"rendered":"\n<p>A Pol\u00edcia Militar de S\u00e3o Jo\u00e3o do Triunfo deslocou at\u00e9 a estrada rural da localidade de Po\u00e7os, onde havia um indiv\u00edduo do sexo masculino ca\u00eddo em via p\u00fablica, j\u00e1 em \u00f3bito. A situa\u00e7\u00e3o foi registrada na manh\u00e3 de sexta-feira (19).<\/p>\n\n\n\n<figure class=\"wp-block-image size-full\"><img decoding=\"async\" src=\"https:\/\/radiostudiow.com.br\/site\/wp-content\/uploads\/2024\/01\/SITE-GRANDE5.png\" alt=\"\" class=\"wp-image-18704\"\/><\/figure>\n\n\n\n<p>Foi relatado por familiares, presentes no local, que o homem possu\u00eda problemas card\u00edacos de sa\u00fade, mas havia parado de fazer o uso dos medicamentos e passou a consumir bebidas alco\u00f3licas diariamente.<\/p>\n\n\n\n<p>A equipe isolou o local e acionou os \u00f3rg\u00e3os competentes, como o Instituto M\u00e9dico Legal (IML), Pol\u00edcia Civil e a criminal\u00edstica, para a realiza\u00e7\u00e3o dos procedimentos legais necess\u00e1rios.<\/p>\n\n\n\n<figure class=\"wp-block-image size-full\"><img decoding=\"async\" src=\"https:\/\/radiostudiow.com.br\/site\/wp-content\/uploads\/2024\/01\/SITE-GRANDE4.png\" alt=\"\" class=\"wp-image-18920\"\/><\/figure>\n\n\n\n<p>A v\u00edtima foi identificada como Ant\u00f4nio Joares de Ramos, de 74 anos. O corpo ser\u00e1 velado no pavilh\u00e3o da igreja de Po\u00e7os munic\u00edpio de S\u00e3o Jo\u00e3o do Triunfo. Sepultamento ser\u00e1 neste s\u00e1bado (20), \u00e0s 10h30 no cemit\u00e9rio de \u00c1gua Branca.<\/p>\n","protected":false},"excerpt":{"rendered":"<p>A Pol\u00edcia Militar de S\u00e3o Jo\u00e3o do Triunfo deslocou at\u00e9 a estrada rural da localidade de Po\u00e7os, onde havia um indiv\u00edduo do sexo masculino ca\u00eddo em via p\u00fablica, j\u00e1 em \u00f3bito. A situa\u00e7\u00e3o foi registrada na manh\u00e3 de sexta-feira (19). Foi relatado por familiares, presentes no local, que o homem possu\u00eda problemas card\u00edacos de sa\u00fade, [&hellip;]<\/p>\n","protected":false},"author":2,"featured_media":19021,"comment_status":"open","ping_status":"open","sticky":false,"template":"","format":"standard","meta":{"footnotes":""},"categories":[2],"tags":[172],"class_list":["post-19020","post","type-post","status-publish","format-standard","has-post-thumbnail","hentry","category-policial","tag-featured"],"amp_enabled":true,"_links":{"self":[{"href":"https:\/\/radiostudiow.com.br\/site\/wp-json\/wp\/v2\/posts\/19020","targetHints":{"allow":["GET"]}}],"collection":[{"href":"https:\/\/radiostudiow.com.br\/site\/wp-json\/wp\/v2\/posts"}],"about":[{"href":"https:\/\/radiostudiow.com.br\/site\/wp-json\/wp\/v2\/types\/post"}],"author":[{"embeddable":true,"href":"https:\/\/radiostudiow.com.br\/site\/wp-json\/wp\/v2\/users\/2"}],"replies":[{"embeddable":true,"href":"https:\/\/radiostudiow.com.br\/site\/wp-json\/wp\/v2\/comments?post=19020"}],"version-history":[{"count":1,"href":"https:\/\/radiostudiow.com.br\/site\/wp-json\/wp\/v2\/posts\/19020\/revisions"}],"predecessor-version":[{"id":19022,"href":"https:\/\/radiostudiow.com.br\/site\/wp-json\/wp\/v2\/posts\/19020\/revisions\/19022"}],"wp:featuredmedia":[{"embeddable":true,"href":"https:\/\/radiostudiow.com.br\/site\/wp-json\/wp\/v2\/media\/19021"}],"wp:attachment":[{"href":"https:\/\/radiostudiow.com.br\/site\/wp-json\/wp\/v2\/media?parent=19020"}],"wp:term":[{"taxonomy":"category","embeddable":true,"href":"https:\/\/radiostudiow.com.br\/site\/wp-json\/wp\/v2\/categories?post=19020"},{"taxonomy":"post_tag","embeddable":true,"href":"https:\/\/radiostudiow.com.br\/site\/wp-json\/wp\/v2\/tags?post=19020"}],"curies":[{"name":"wp","href":"https:\/\/api.w.org\/{rel}","templated":true}]}}