{"id":19023,"date":"2024-01-20T11:05:51","date_gmt":"2024-01-20T14:05:51","guid":{"rendered":"https:\/\/radiostudiow.com.br\/site\/?p=19023"},"modified":"2025-01-31T15:02:18","modified_gmt":"2025-01-31T18:02:18","slug":"identificado-como-caio-garbin-a-vitima-fatal-do-acidente-na-br-153-em-general-carneiro","status":"publish","type":"post","link":"https:\/\/radiostudiow.com.br\/site\/2024\/01\/20\/identificado-como-caio-garbin-a-vitima-fatal-do-acidente-na-br-153-em-general-carneiro\/","title":{"rendered":"Identificado como Caio Garbin a vitima fatal do acidente na BR-153 em General Carneiro"},"content":{"rendered":"\n<p>Foi identificado como Caio Garbin, o jovem de 28 anos que morreu vitima do grave acidente que aconteceu na tarde desta sexta-feira, 19, na BR-153 entre General Carneiro e Uni\u00e3o da Vit\u00f3ria.<\/p>\n\n\n\n<p>Caio era sobrinho do vice-prefeito de General Carneiro C\u00e9lio Garbin. Al\u00e9m de Caio, estavam tamb\u00e9m no ve\u00edculo Hyundai\/i30, Sonia Sloboda e o professor Robson Padilha, ambos seguem internados no Hospital Regional de Uni\u00e3o da Vit\u00f3ria.<\/p>\n\n\n\n<p>Conforme informa\u00e7\u00f5es da Pol\u00edcia Rodovi\u00e1ria Federal, no momento do acidente chovia muito.<\/p>\n\n\n\n<figure class=\"wp-block-image\"><img decoding=\"async\" src=\"https:\/\/portalrdx.com.br\/wp-content\/uploads\/2024\/01\/image-22-1024x1024.png\" alt=\"\" class=\"wp-image-71123\"\/><\/figure>\n\n\n\n<p><em>Com informa\u00e7\u00f5es Portal da Cidade Uni\u00e3o da Vit\u00f3ria<\/em><\/p>\n","protected":false},"excerpt":{"rendered":"<p>Foi identificado como Caio Garbin, o jovem de 28 anos que morreu vitima do grave acidente que aconteceu na tarde desta sexta-feira, 19, na BR-153 entre General Carneiro e Uni\u00e3o da Vit\u00f3ria. Caio era sobrinho do vice-prefeito de General Carneiro C\u00e9lio Garbin. Al\u00e9m de Caio, estavam tamb\u00e9m no ve\u00edculo Hyundai\/i30, Sonia Sloboda e o professor [&hellip;]<\/p>\n","protected":false},"author":2,"featured_media":18993,"comment_status":"open","ping_status":"open","sticky":false,"template":"","format":"standard","meta":{"footnotes":""},"categories":[185],"tags":[172],"class_list":["post-19023","post","type-post","status-publish","format-standard","has-post-thumbnail","hentry","category-regional","tag-featured"],"amp_enabled":true,"_links":{"self":[{"href":"https:\/\/radiostudiow.com.br\/site\/wp-json\/wp\/v2\/posts\/19023","targetHints":{"allow":["GET"]}}],"collection":[{"href":"https:\/\/radiostudiow.com.br\/site\/wp-json\/wp\/v2\/posts"}],"about":[{"href":"https:\/\/radiostudiow.com.br\/site\/wp-json\/wp\/v2\/types\/post"}],"author":[{"embeddable":true,"href":"https:\/\/radiostudiow.com.br\/site\/wp-json\/wp\/v2\/users\/2"}],"replies":[{"embeddable":true,"href":"https:\/\/radiostudiow.com.br\/site\/wp-json\/wp\/v2\/comments?post=19023"}],"version-history":[{"count":1,"href":"https:\/\/radiostudiow.com.br\/site\/wp-json\/wp\/v2\/posts\/19023\/revisions"}],"predecessor-version":[{"id":19024,"href":"https:\/\/radiostudiow.com.br\/site\/wp-json\/wp\/v2\/posts\/19023\/revisions\/19024"}],"wp:featuredmedia":[{"embeddable":true,"href":"https:\/\/radiostudiow.com.br\/site\/wp-json\/wp\/v2\/media\/18993"}],"wp:attachment":[{"href":"https:\/\/radiostudiow.com.br\/site\/wp-json\/wp\/v2\/media?parent=19023"}],"wp:term":[{"taxonomy":"category","embeddable":true,"href":"https:\/\/radiostudiow.com.br\/site\/wp-json\/wp\/v2\/categories?post=19023"},{"taxonomy":"post_tag","embeddable":true,"href":"https:\/\/radiostudiow.com.br\/site\/wp-json\/wp\/v2\/tags?post=19023"}],"curies":[{"name":"wp","href":"https:\/\/api.w.org\/{rel}","templated":true}]}}