{"id":19025,"date":"2024-01-20T11:08:04","date_gmt":"2024-01-20T14:08:04","guid":{"rendered":"https:\/\/radiostudiow.com.br\/site\/?p=19025"},"modified":"2025-01-31T15:02:18","modified_gmt":"2025-01-31T18:02:18","slug":"desmoronamento-causa-interdicao-proximo-a-ponte-do-arco-em-uniao-da-vitoria","status":"publish","type":"post","link":"https:\/\/radiostudiow.com.br\/site\/2024\/01\/20\/desmoronamento-causa-interdicao-proximo-a-ponte-do-arco-em-uniao-da-vitoria\/","title":{"rendered":"Desmoronamento causa interdi\u00e7\u00e3o pr\u00f3ximo \u00e0 Ponte do Arco em Uni\u00e3o da Vit\u00f3ria"},"content":{"rendered":"\n<p>Na noite de sexta-feira (19), um novo desmoronamento, de grandes propor\u00e7\u00f5es, foi registrado no local o acesso ao bairro Dona Mercedes, na PR-466, na regi\u00e3o pr\u00f3xima \u00e0 Ponte do Arco em Uni\u00e3o da Vit\u00f3ria.<\/p>\n\n\n\n<figure class=\"wp-block-image size-full\"><img decoding=\"async\" src=\"https:\/\/radiostudiow.com.br\/site\/wp-content\/uploads\/2024\/01\/SITE-GRANDE5.png\" alt=\"\" class=\"wp-image-18704\"\/><\/figure>\n\n\n\n<p>A Pol\u00edcia Militar agiu rapidamente no sentido de bloquear a passagem de todos os meios de locomo\u00e7\u00e3o. Uma pedra gigantesca e outras de tamanhos menores rolaram morro abaixo e foram parar no meio da pista. Galhos de \u00e1rvores tamb\u00e9m est\u00e3o sobre a pista.<\/p>\n\n\n\n<p>Este trecho est\u00e1 em obras desde maio do ano passado, justamente para evitar esse tipo de situa\u00e7\u00e3o, que coloca em risco todos que trafegam pela PR-466. Quando do in\u00edcio das obras, a previs\u00e3o \u00e9 que ela estivesse conclu\u00edda em at\u00e9 90 dias.<\/p>\n\n\n\n<figure class=\"wp-block-image size-full\"><img loading=\"lazy\" decoding=\"async\" width=\"598\" height=\"204\" src=\"https:\/\/radiostudiow.com.br\/site\/wp-content\/uploads\/2024\/01\/SITE-MEDIO.png\" alt=\"\" class=\"wp-image-18916\" srcset=\"https:\/\/radiostudiow.com.br\/site\/wp-content\/uploads\/2024\/01\/SITE-MEDIO.png 598w, https:\/\/radiostudiow.com.br\/site\/wp-content\/uploads\/2024\/01\/SITE-MEDIO-300x102.png 300w\" sizes=\"auto, (max-width: 598px) 100vw, 598px\" \/><\/figure>\n\n\n\n<p><em>Com informa\u00e7\u00f5es Portal RDX<\/em><\/p>\n","protected":false},"excerpt":{"rendered":"<p>Na noite de sexta-feira (19), um novo desmoronamento, de grandes propor\u00e7\u00f5es, foi registrado no local o acesso ao bairro Dona Mercedes, na PR-466, na regi\u00e3o pr\u00f3xima \u00e0 Ponte do Arco em Uni\u00e3o da Vit\u00f3ria. A Pol\u00edcia Militar agiu rapidamente no sentido de bloquear a passagem de todos os meios de locomo\u00e7\u00e3o. Uma pedra gigantesca e [&hellip;]<\/p>\n","protected":false},"author":2,"featured_media":19026,"comment_status":"open","ping_status":"open","sticky":false,"template":"","format":"standard","meta":{"footnotes":""},"categories":[185],"tags":[172],"class_list":["post-19025","post","type-post","status-publish","format-standard","has-post-thumbnail","hentry","category-regional","tag-featured"],"amp_enabled":true,"_links":{"self":[{"href":"https:\/\/radiostudiow.com.br\/site\/wp-json\/wp\/v2\/posts\/19025","targetHints":{"allow":["GET"]}}],"collection":[{"href":"https:\/\/radiostudiow.com.br\/site\/wp-json\/wp\/v2\/posts"}],"about":[{"href":"https:\/\/radiostudiow.com.br\/site\/wp-json\/wp\/v2\/types\/post"}],"author":[{"embeddable":true,"href":"https:\/\/radiostudiow.com.br\/site\/wp-json\/wp\/v2\/users\/2"}],"replies":[{"embeddable":true,"href":"https:\/\/radiostudiow.com.br\/site\/wp-json\/wp\/v2\/comments?post=19025"}],"version-history":[{"count":1,"href":"https:\/\/radiostudiow.com.br\/site\/wp-json\/wp\/v2\/posts\/19025\/revisions"}],"predecessor-version":[{"id":19027,"href":"https:\/\/radiostudiow.com.br\/site\/wp-json\/wp\/v2\/posts\/19025\/revisions\/19027"}],"wp:featuredmedia":[{"embeddable":true,"href":"https:\/\/radiostudiow.com.br\/site\/wp-json\/wp\/v2\/media\/19026"}],"wp:attachment":[{"href":"https:\/\/radiostudiow.com.br\/site\/wp-json\/wp\/v2\/media?parent=19025"}],"wp:term":[{"taxonomy":"category","embeddable":true,"href":"https:\/\/radiostudiow.com.br\/site\/wp-json\/wp\/v2\/categories?post=19025"},{"taxonomy":"post_tag","embeddable":true,"href":"https:\/\/radiostudiow.com.br\/site\/wp-json\/wp\/v2\/tags?post=19025"}],"curies":[{"name":"wp","href":"https:\/\/api.w.org\/{rel}","templated":true}]}}