{"id":19037,"date":"2024-01-22T10:12:22","date_gmt":"2024-01-22T13:12:22","guid":{"rendered":"https:\/\/radiostudiow.com.br\/site\/?p=19037"},"modified":"2025-01-31T15:02:18","modified_gmt":"2025-01-31T18:02:18","slug":"homem-e-preso-apos-abordagem-policial-em-antonio-olinto-conduzindo-moto-irregular","status":"publish","type":"post","link":"https:\/\/radiostudiow.com.br\/site\/2024\/01\/22\/homem-e-preso-apos-abordagem-policial-em-antonio-olinto-conduzindo-moto-irregular\/","title":{"rendered":"Homem \u00e9 preso ap\u00f3s abordagem policial em Ant\u00f4nio Olinto"},"content":{"rendered":"\n<p>A equipe da Pol\u00edcia Militar de Ant\u00f4nio Olinto estava em patrulhamento quando avistou uma motocicleta de cor preta, sem placas de identifica\u00e7\u00e3o, sendo conduzida por um masculino que estava de chinelos e sem capacete na manh\u00e3 de domingo (21).<\/p>\n\n\n\n<figure class=\"wp-block-image size-full\"><img decoding=\"async\" src=\"https:\/\/radiostudiow.com.br\/site\/wp-content\/uploads\/2024\/01\/SITE-GRANDE.png\" alt=\"\" class=\"wp-image-18949\"\/><\/figure>\n\n\n\n<p>Dada voz de abordagem, o condutor foi identificado, sendo constatado que n\u00e3o possu\u00eda habilita\u00e7\u00e3o. O abordado alegou ter adquirido a motocicleta de uma mulher na cidade de S\u00e3o Jo\u00e3o do Triunfo, mas afirmou desconhecer o hist\u00f3rico do ve\u00edculo.<\/p>\n\n\n\n<p>Durante a vistoria, foi constatado que a numera\u00e7\u00e3o do chassi e do motor encontram-se suprimidos. Diante dos fatos, foi dada voz de pris\u00e3o ao condutor, que foi informado de seus direitos constitucionais, sendo encaminhado ao Pronto Atendimento Municipal de S\u00e3o Mateus do Sul e posteriormente \u00e0 Delegacia de Pol\u00edcia Civil, juntamente com a motocicleta, para as provid\u00eancias cab\u00edveis.<\/p>\n\n\n\n<figure class=\"wp-block-image size-full\"><img decoding=\"async\" src=\"https:\/\/radiostudiow.com.br\/site\/wp-content\/uploads\/2024\/01\/SITE-GRANDE5.png\" alt=\"\" class=\"wp-image-18704\"\/><\/figure>\n","protected":false},"excerpt":{"rendered":"<p>A equipe da Pol\u00edcia Militar de Ant\u00f4nio Olinto estava em patrulhamento quando avistou uma motocicleta de cor preta, sem placas de identifica\u00e7\u00e3o, sendo conduzida por um masculino que estava de chinelos e sem capacete na manh\u00e3 de domingo (21). Dada voz de abordagem, o condutor foi identificado, sendo constatado que n\u00e3o possu\u00eda habilita\u00e7\u00e3o. O abordado [&hellip;]<\/p>\n","protected":false},"author":2,"featured_media":19038,"comment_status":"open","ping_status":"open","sticky":false,"template":"","format":"standard","meta":{"footnotes":""},"categories":[2],"tags":[172],"class_list":["post-19037","post","type-post","status-publish","format-standard","has-post-thumbnail","hentry","category-policial","tag-featured"],"amp_enabled":true,"_links":{"self":[{"href":"https:\/\/radiostudiow.com.br\/site\/wp-json\/wp\/v2\/posts\/19037","targetHints":{"allow":["GET"]}}],"collection":[{"href":"https:\/\/radiostudiow.com.br\/site\/wp-json\/wp\/v2\/posts"}],"about":[{"href":"https:\/\/radiostudiow.com.br\/site\/wp-json\/wp\/v2\/types\/post"}],"author":[{"embeddable":true,"href":"https:\/\/radiostudiow.com.br\/site\/wp-json\/wp\/v2\/users\/2"}],"replies":[{"embeddable":true,"href":"https:\/\/radiostudiow.com.br\/site\/wp-json\/wp\/v2\/comments?post=19037"}],"version-history":[{"count":3,"href":"https:\/\/radiostudiow.com.br\/site\/wp-json\/wp\/v2\/posts\/19037\/revisions"}],"predecessor-version":[{"id":19042,"href":"https:\/\/radiostudiow.com.br\/site\/wp-json\/wp\/v2\/posts\/19037\/revisions\/19042"}],"wp:featuredmedia":[{"embeddable":true,"href":"https:\/\/radiostudiow.com.br\/site\/wp-json\/wp\/v2\/media\/19038"}],"wp:attachment":[{"href":"https:\/\/radiostudiow.com.br\/site\/wp-json\/wp\/v2\/media?parent=19037"}],"wp:term":[{"taxonomy":"category","embeddable":true,"href":"https:\/\/radiostudiow.com.br\/site\/wp-json\/wp\/v2\/categories?post=19037"},{"taxonomy":"post_tag","embeddable":true,"href":"https:\/\/radiostudiow.com.br\/site\/wp-json\/wp\/v2\/tags?post=19037"}],"curies":[{"name":"wp","href":"https:\/\/api.w.org\/{rel}","templated":true}]}}