{"id":19043,"date":"2024-01-22T10:21:03","date_gmt":"2024-01-22T13:21:03","guid":{"rendered":"https:\/\/radiostudiow.com.br\/site\/?p=19043"},"modified":"2025-01-31T15:02:18","modified_gmt":"2025-01-31T18:02:18","slug":"acusado-da-morte-de-janaina-em-sao-mateus-do-sul-vai-a-juri-popular-nesta-quinta-25","status":"publish","type":"post","link":"https:\/\/radiostudiow.com.br\/site\/2024\/01\/22\/acusado-da-morte-de-janaina-em-sao-mateus-do-sul-vai-a-juri-popular-nesta-quinta-25\/","title":{"rendered":"Acusado da morte de Jana\u00edna, em S\u00e3o Mateus do Sul, vai a j\u00fari popular nesta quinta (25)"},"content":{"rendered":"\n<p>Vai ao tribunal do j\u00fari nesta quinta-feira, 25 de janeiro,\u00a0do<strong> acusado pela morte de Jana\u00edna Pedro dos Santos, 27 anos, que foi assassinada no dia 6 de janeiro\u00a0de 2022 na localidade do Lageado, interior de S\u00e3o Mateus do Sul.<\/strong><\/p>\n\n\n\n<figure class=\"wp-block-image size-full\"><img loading=\"lazy\" decoding=\"async\" width=\"897\" height=\"204\" src=\"https:\/\/radiostudiow.com.br\/site\/wp-content\/uploads\/2024\/01\/SITE-GRANDE3.png\" alt=\"zaions\" class=\"wp-image-18936\" srcset=\"https:\/\/radiostudiow.com.br\/site\/wp-content\/uploads\/2024\/01\/SITE-GRANDE3.png 897w, https:\/\/radiostudiow.com.br\/site\/wp-content\/uploads\/2024\/01\/SITE-GRANDE3-300x68.png 300w, https:\/\/radiostudiow.com.br\/site\/wp-content\/uploads\/2024\/01\/SITE-GRANDE3-768x175.png 768w\" sizes=\"auto, (max-width: 897px) 100vw, 897px\" \/><\/figure>\n\n\n\n<p>A previs\u00e3o de in\u00edcio do j\u00fari popular \u00e9 \u00e0s 09:00 horas.<\/p>\n\n\n\n<p>No j\u00fari popular, um grupo de jurados \u00e9 escolhido aleatoriamente a partir de uma lista de cidad\u00e3os aptos, e esses jurados s\u00e3o respons\u00e1veis por analisar as evid\u00eancias apresentadas durante o julgamento. Eles t\u00eam a fun\u00e7\u00e3o de decidir se o r\u00e9u \u00e9 culpado ou inocente com base nas informa\u00e7\u00f5es e argumentos apresentados no tribunal.<\/p>\n\n\n\n<h2 class=\"wp-block-heading\">Relembre o caso<\/h2>\n\n\n\n<p>A equipe do Corpo de Bombeiros de S\u00e3o Mateus do Sul e a Pol\u00edcia Militar foram acionados para comparecer na localidade do Lageado, interior do munic\u00edpio por volta das 22:50 horas na noite de quinta-feira (06).<\/p>\n\n\n\n<figure class=\"wp-block-image size-full\"><img decoding=\"async\" src=\"https:\/\/radiostudiow.com.br\/site\/wp-content\/uploads\/2024\/01\/SITE-GRANDE5.png\" alt=\"\" class=\"wp-image-18704\"\/><\/figure>\n\n\n\n<p>No local, Jana\u00edna Pedro dos Santos, 27 anos, j\u00e1 encontrava-se sem vida ap\u00f3s ter sido golpeada por uma faca. A suspeita \u00e9 de que seu esposo, tamb\u00e9m com 27 anos, tenha cometido o crime ap\u00f3s uma discuss\u00e3o do casal.<\/p>\n\n\n\n<p>O homem foi contido pelos Bombeiros at\u00e9 a chegada da Pol\u00edcia Militar.\u00a0<a href=\"https:\/\/portalrdx.com.br\/10\/01\/2022\/autor-de-feminicidio-tambem-tentou-agredir-equipe-do-corpo-de-bombeiros\/\" target=\"_blank\" rel=\"noreferrer noopener\"><strong>A equipe do Siate presente local tamb\u00e9m informou em entrevista para a RDX que o autor tentou agredi-los.<\/strong><\/a><\/p>\n\n\n\n<p><strong>Janaina deixou um filho de 4 anos que estava dormindo em um quarto na resid\u00eancia e foi amparado por familiares.<\/strong>\u00a0<\/p>\n","protected":false},"excerpt":{"rendered":"<p>Vai ao tribunal do j\u00fari nesta quinta-feira, 25 de janeiro,\u00a0do acusado pela morte de Jana\u00edna Pedro dos Santos, 27 anos, que foi assassinada no dia 6 de janeiro\u00a0de 2022 na localidade do Lageado, interior de S\u00e3o Mateus do Sul. A previs\u00e3o de in\u00edcio do j\u00fari popular \u00e9 \u00e0s 09:00 horas. No j\u00fari popular, um grupo [&hellip;]<\/p>\n","protected":false},"author":2,"featured_media":19044,"comment_status":"open","ping_status":"open","sticky":false,"template":"","format":"standard","meta":{"footnotes":""},"categories":[185],"tags":[172],"class_list":["post-19043","post","type-post","status-publish","format-standard","has-post-thumbnail","hentry","category-regional","tag-featured"],"amp_enabled":true,"_links":{"self":[{"href":"https:\/\/radiostudiow.com.br\/site\/wp-json\/wp\/v2\/posts\/19043","targetHints":{"allow":["GET"]}}],"collection":[{"href":"https:\/\/radiostudiow.com.br\/site\/wp-json\/wp\/v2\/posts"}],"about":[{"href":"https:\/\/radiostudiow.com.br\/site\/wp-json\/wp\/v2\/types\/post"}],"author":[{"embeddable":true,"href":"https:\/\/radiostudiow.com.br\/site\/wp-json\/wp\/v2\/users\/2"}],"replies":[{"embeddable":true,"href":"https:\/\/radiostudiow.com.br\/site\/wp-json\/wp\/v2\/comments?post=19043"}],"version-history":[{"count":1,"href":"https:\/\/radiostudiow.com.br\/site\/wp-json\/wp\/v2\/posts\/19043\/revisions"}],"predecessor-version":[{"id":19045,"href":"https:\/\/radiostudiow.com.br\/site\/wp-json\/wp\/v2\/posts\/19043\/revisions\/19045"}],"wp:featuredmedia":[{"embeddable":true,"href":"https:\/\/radiostudiow.com.br\/site\/wp-json\/wp\/v2\/media\/19044"}],"wp:attachment":[{"href":"https:\/\/radiostudiow.com.br\/site\/wp-json\/wp\/v2\/media?parent=19043"}],"wp:term":[{"taxonomy":"category","embeddable":true,"href":"https:\/\/radiostudiow.com.br\/site\/wp-json\/wp\/v2\/categories?post=19043"},{"taxonomy":"post_tag","embeddable":true,"href":"https:\/\/radiostudiow.com.br\/site\/wp-json\/wp\/v2\/tags?post=19043"}],"curies":[{"name":"wp","href":"https:\/\/api.w.org\/{rel}","templated":true}]}}