{"id":19046,"date":"2024-01-22T10:35:29","date_gmt":"2024-01-22T13:35:29","guid":{"rendered":"https:\/\/radiostudiow.com.br\/site\/?p=19046"},"modified":"2025-01-31T15:02:18","modified_gmt":"2025-01-31T18:02:18","slug":"homem-leva-facada-apos-discussao-com-idoso-durante-festa-em-uniao-da-vitoria","status":"publish","type":"post","link":"https:\/\/radiostudiow.com.br\/site\/2024\/01\/22\/homem-leva-facada-apos-discussao-com-idoso-durante-festa-em-uniao-da-vitoria\/","title":{"rendered":"Homem leva facada ap\u00f3s discuss\u00e3o com idoso durante festa em Uni\u00e3o da Vit\u00f3ria"},"content":{"rendered":"\n<p>Um homem que n\u00e3o teve o nome divulgado deu entrada na Unidade de Pronto Atendimento para receber cuidados m\u00e9dicos ap\u00f3s se envolver em uma briga e levar uma facada no peito por volta das 21:50 horas desse s\u00e1bado, 20 de janeiro, em Uni\u00e3o da Vit\u00f3ria.<\/p>\n\n\n\n<figure class=\"wp-block-image size-full\"><img decoding=\"async\" src=\"https:\/\/radiostudiow.com.br\/site\/wp-content\/uploads\/2024\/01\/SITE-GRANDE2.png\" alt=\"\" class=\"wp-image-18938\"\/><\/figure>\n\n\n\n<p>De acordo com informa\u00e7\u00f5es, o homem estava em uma festa e acabou se desentendendo com um idoso, o qual desferiu o golpe de faca. Ap\u00f3s os fatos, o autor teria se evadido e a v\u00edtima procurou por socorro.<\/p>\n\n\n\n<p>J\u00e1 na UPA, a v\u00edtima que apresentava sinais de embriaguez optou por n\u00e3o representar criminalmente. A Pol\u00edcia realizou patrulhamentos pelas proximidades do local onde ocorria a suposta festa, mas n\u00e3o encontrou ningu\u00e9m.<\/p>\n\n\n\n<figure class=\"wp-block-image size-full\"><img decoding=\"async\" src=\"https:\/\/radiostudiow.com.br\/site\/wp-content\/uploads\/2024\/01\/SITE-GRANDE5.png\" alt=\"\" class=\"wp-image-18704\"\/><\/figure>\n","protected":false},"excerpt":{"rendered":"<p>Um homem que n\u00e3o teve o nome divulgado deu entrada na Unidade de Pronto Atendimento para receber cuidados m\u00e9dicos ap\u00f3s se envolver em uma briga e levar uma facada no peito por volta das 21:50 horas desse s\u00e1bado, 20 de janeiro, em Uni\u00e3o da Vit\u00f3ria. De acordo com informa\u00e7\u00f5es, o homem estava em uma festa [&hellip;]<\/p>\n","protected":false},"author":2,"featured_media":0,"comment_status":"open","ping_status":"open","sticky":false,"template":"","format":"standard","meta":{"footnotes":""},"categories":[2],"tags":[172],"class_list":["post-19046","post","type-post","status-publish","format-standard","hentry","category-policial","tag-featured"],"amp_enabled":true,"_links":{"self":[{"href":"https:\/\/radiostudiow.com.br\/site\/wp-json\/wp\/v2\/posts\/19046","targetHints":{"allow":["GET"]}}],"collection":[{"href":"https:\/\/radiostudiow.com.br\/site\/wp-json\/wp\/v2\/posts"}],"about":[{"href":"https:\/\/radiostudiow.com.br\/site\/wp-json\/wp\/v2\/types\/post"}],"author":[{"embeddable":true,"href":"https:\/\/radiostudiow.com.br\/site\/wp-json\/wp\/v2\/users\/2"}],"replies":[{"embeddable":true,"href":"https:\/\/radiostudiow.com.br\/site\/wp-json\/wp\/v2\/comments?post=19046"}],"version-history":[{"count":3,"href":"https:\/\/radiostudiow.com.br\/site\/wp-json\/wp\/v2\/posts\/19046\/revisions"}],"predecessor-version":[{"id":19060,"href":"https:\/\/radiostudiow.com.br\/site\/wp-json\/wp\/v2\/posts\/19046\/revisions\/19060"}],"wp:attachment":[{"href":"https:\/\/radiostudiow.com.br\/site\/wp-json\/wp\/v2\/media?parent=19046"}],"wp:term":[{"taxonomy":"category","embeddable":true,"href":"https:\/\/radiostudiow.com.br\/site\/wp-json\/wp\/v2\/categories?post=19046"},{"taxonomy":"post_tag","embeddable":true,"href":"https:\/\/radiostudiow.com.br\/site\/wp-json\/wp\/v2\/tags?post=19046"}],"curies":[{"name":"wp","href":"https:\/\/api.w.org\/{rel}","templated":true}]}}