{"id":19049,"date":"2024-01-22T10:38:18","date_gmt":"2024-01-22T13:38:18","guid":{"rendered":"https:\/\/radiostudiow.com.br\/site\/?p=19049"},"modified":"2025-01-31T15:02:18","modified_gmt":"2025-01-31T18:02:18","slug":"corpo-do-homem-que-caiu-no-rio-jangada-em-general-carneiro-foi-encontrado-pelos-bombeiros","status":"publish","type":"post","link":"https:\/\/radiostudiow.com.br\/site\/2024\/01\/22\/corpo-do-homem-que-caiu-no-rio-jangada-em-general-carneiro-foi-encontrado-pelos-bombeiros\/","title":{"rendered":"Corpo do homem que caiu no rio Jangada em General Carneiro foi encontrado pelos bombeiros"},"content":{"rendered":"\n<p>A equipe do Corpo de Bombeiros de Uni\u00e3o da Vit\u00f3ria confirmou que o corpo do homem que caiu no rio Jangada, no Salto Lili, na regi\u00e3o da ponte quebrada, em General Carneiro foi encontrado.<\/p>\n\n\n\n<figure class=\"wp-block-image size-full\"><img decoding=\"async\" src=\"https:\/\/radiostudiow.com.br\/site\/wp-content\/uploads\/2024\/01\/SITE-GRANDE4.png\" alt=\"\" class=\"wp-image-18920\"\/><\/figure>\n\n\n\n<p>Segundo os bombeiros, o corpo foi achado por volta das 14:30 horas da tarde deste domingo, 21 de janeiro, e estava a cerca de 50 metros do local em que ele teria ca\u00eddo, em uma profundidade de 5 metros.<em> Os mergulhadores fizeram a retirada at\u00e9 a margem e acionaram o IML.<\/em><\/p>\n\n\n\n<p>O homem estava pescando na companhia de um senhor, quando ele acabou caindo no rio por volta da meia noite de s\u00e1bado (20).<\/p>\n\n\n\n<figure class=\"wp-block-image size-full\"><img decoding=\"async\" src=\"https:\/\/radiostudiow.com.br\/site\/wp-content\/uploads\/2024\/01\/SITE-GRANDE5.png\" alt=\"\" class=\"wp-image-18704\"\/><\/figure>\n\n\n\n<p>Os bombeiros foram avisados sobre a ocorr\u00eancia durante a madrugada, mas como o local \u00e9 distante da cidade e fica na divisa de General Carneiro com&nbsp;a cidade catarinense de Matos Costa, as buscas iniciaram pela manh\u00e3.<\/p>\n\n\n\n<p>O homem de 30 anos, foi identificado como Charles Albuquerque, morador de General Carneiro.<\/p>\n\n\n\n<figure class=\"wp-block-image size-large\"><img loading=\"lazy\" decoding=\"async\" width=\"1024\" height=\"1024\" src=\"https:\/\/radiostudiow.com.br\/site\/wp-content\/uploads\/2024\/01\/image-77-1024x1024.png\" alt=\"\" class=\"wp-image-19062\" srcset=\"https:\/\/radiostudiow.com.br\/site\/wp-content\/uploads\/2024\/01\/image-77-1024x1024.png 1024w, https:\/\/radiostudiow.com.br\/site\/wp-content\/uploads\/2024\/01\/image-77-300x300.png 300w, https:\/\/radiostudiow.com.br\/site\/wp-content\/uploads\/2024\/01\/image-77-768x768.png 768w, https:\/\/radiostudiow.com.br\/site\/wp-content\/uploads\/2024\/01\/image-77-80x80.png 80w, https:\/\/radiostudiow.com.br\/site\/wp-content\/uploads\/2024\/01\/image-77.png 1080w\" sizes=\"auto, (max-width: 1024px) 100vw, 1024px\" \/><\/figure>\n","protected":false},"excerpt":{"rendered":"<p>A equipe do Corpo de Bombeiros de Uni\u00e3o da Vit\u00f3ria confirmou que o corpo do homem que caiu no rio Jangada, no Salto Lili, na regi\u00e3o da ponte quebrada, em General Carneiro foi encontrado. Segundo os bombeiros, o corpo foi achado por volta das 14:30 horas da tarde deste domingo, 21 de janeiro, e estava [&hellip;]<\/p>\n","protected":false},"author":2,"featured_media":19050,"comment_status":"open","ping_status":"open","sticky":false,"template":"","format":"standard","meta":{"footnotes":""},"categories":[185],"tags":[172],"class_list":["post-19049","post","type-post","status-publish","format-standard","has-post-thumbnail","hentry","category-regional","tag-featured"],"amp_enabled":true,"_links":{"self":[{"href":"https:\/\/radiostudiow.com.br\/site\/wp-json\/wp\/v2\/posts\/19049","targetHints":{"allow":["GET"]}}],"collection":[{"href":"https:\/\/radiostudiow.com.br\/site\/wp-json\/wp\/v2\/posts"}],"about":[{"href":"https:\/\/radiostudiow.com.br\/site\/wp-json\/wp\/v2\/types\/post"}],"author":[{"embeddable":true,"href":"https:\/\/radiostudiow.com.br\/site\/wp-json\/wp\/v2\/users\/2"}],"replies":[{"embeddable":true,"href":"https:\/\/radiostudiow.com.br\/site\/wp-json\/wp\/v2\/comments?post=19049"}],"version-history":[{"count":3,"href":"https:\/\/radiostudiow.com.br\/site\/wp-json\/wp\/v2\/posts\/19049\/revisions"}],"predecessor-version":[{"id":19063,"href":"https:\/\/radiostudiow.com.br\/site\/wp-json\/wp\/v2\/posts\/19049\/revisions\/19063"}],"wp:featuredmedia":[{"embeddable":true,"href":"https:\/\/radiostudiow.com.br\/site\/wp-json\/wp\/v2\/media\/19050"}],"wp:attachment":[{"href":"https:\/\/radiostudiow.com.br\/site\/wp-json\/wp\/v2\/media?parent=19049"}],"wp:term":[{"taxonomy":"category","embeddable":true,"href":"https:\/\/radiostudiow.com.br\/site\/wp-json\/wp\/v2\/categories?post=19049"},{"taxonomy":"post_tag","embeddable":true,"href":"https:\/\/radiostudiow.com.br\/site\/wp-json\/wp\/v2\/tags?post=19049"}],"curies":[{"name":"wp","href":"https:\/\/api.w.org\/{rel}","templated":true}]}}