{"id":19052,"date":"2024-01-22T10:54:05","date_gmt":"2024-01-22T13:54:05","guid":{"rendered":"https:\/\/radiostudiow.com.br\/site\/?p=19052"},"modified":"2025-01-31T15:02:18","modified_gmt":"2025-01-31T18:02:18","slug":"homem-com-mandados-de-prisao-por-trafico-ameaca-e-desacato-e-detido-em-porto-uniao","status":"publish","type":"post","link":"https:\/\/radiostudiow.com.br\/site\/2024\/01\/22\/homem-com-mandados-de-prisao-por-trafico-ameaca-e-desacato-e-detido-em-porto-uniao\/","title":{"rendered":"Homem com mandados de pris\u00e3o por tr\u00e1fico, amea\u00e7a e desacato \u00e9 detido em Porto Uni\u00e3o"},"content":{"rendered":"\n<p>A equipe da Pol\u00edcia Militar de Porto Uni\u00e3o cumpriu um mandado de pris\u00e3o em desfavor de um homem que estava escondido na regi\u00e3o do Conjunto Porto Uni\u00e3o. A situa\u00e7\u00e3o foi registrada durante esse domingo (21).<\/p>\n\n\n\n<figure class=\"wp-block-image size-full\"><img decoding=\"async\" src=\"https:\/\/radiostudiow.com.br\/site\/wp-content\/uploads\/2024\/01\/SITE-GRANDE5.png\" alt=\"\" class=\"wp-image-18704\"\/><\/figure>\n\n\n\n<p>De acordo com informa\u00e7\u00f5es ap\u00f3s receber informa\u00e7\u00f5es sobre o mandado ativo, foi realizado rondas pelo conjunto e avistado o carro do suspeito. Ap\u00f3s abordagem da casa, a Pol\u00edcia encontrou um p\u00e9 de maconha plantado.<\/p>\n\n\n\n<p>A m\u00e3e do suspeito sinalizou onde ele estava escondido e o mandado foi cumprido. O homem estava com mandado ativo pela Comarca de Uni\u00e3o da Vit\u00f3ria pelos crimes de tr\u00e1fico, amea\u00e7a e desacato.<\/p>\n\n\n\n<figure class=\"wp-block-image size-full\"><img loading=\"lazy\" decoding=\"async\" width=\"598\" height=\"204\" src=\"https:\/\/radiostudiow.com.br\/site\/wp-content\/uploads\/2024\/01\/SITE-MEDIO.png\" alt=\"\" class=\"wp-image-18916\" srcset=\"https:\/\/radiostudiow.com.br\/site\/wp-content\/uploads\/2024\/01\/SITE-MEDIO.png 598w, https:\/\/radiostudiow.com.br\/site\/wp-content\/uploads\/2024\/01\/SITE-MEDIO-300x102.png 300w\" sizes=\"auto, (max-width: 598px) 100vw, 598px\" \/><\/figure>\n","protected":false},"excerpt":{"rendered":"<p>A equipe da Pol\u00edcia Militar de Porto Uni\u00e3o cumpriu um mandado de pris\u00e3o em desfavor de um homem que estava escondido na regi\u00e3o do Conjunto Porto Uni\u00e3o. A situa\u00e7\u00e3o foi registrada durante esse domingo (21). De acordo com informa\u00e7\u00f5es ap\u00f3s receber informa\u00e7\u00f5es sobre o mandado ativo, foi realizado rondas pelo conjunto e avistado o carro [&hellip;]<\/p>\n","protected":false},"author":2,"featured_media":15416,"comment_status":"open","ping_status":"open","sticky":false,"template":"","format":"standard","meta":{"footnotes":""},"categories":[2],"tags":[172],"class_list":["post-19052","post","type-post","status-publish","format-standard","has-post-thumbnail","hentry","category-policial","tag-featured"],"amp_enabled":true,"_links":{"self":[{"href":"https:\/\/radiostudiow.com.br\/site\/wp-json\/wp\/v2\/posts\/19052","targetHints":{"allow":["GET"]}}],"collection":[{"href":"https:\/\/radiostudiow.com.br\/site\/wp-json\/wp\/v2\/posts"}],"about":[{"href":"https:\/\/radiostudiow.com.br\/site\/wp-json\/wp\/v2\/types\/post"}],"author":[{"embeddable":true,"href":"https:\/\/radiostudiow.com.br\/site\/wp-json\/wp\/v2\/users\/2"}],"replies":[{"embeddable":true,"href":"https:\/\/radiostudiow.com.br\/site\/wp-json\/wp\/v2\/comments?post=19052"}],"version-history":[{"count":2,"href":"https:\/\/radiostudiow.com.br\/site\/wp-json\/wp\/v2\/posts\/19052\/revisions"}],"predecessor-version":[{"id":19064,"href":"https:\/\/radiostudiow.com.br\/site\/wp-json\/wp\/v2\/posts\/19052\/revisions\/19064"}],"wp:featuredmedia":[{"embeddable":true,"href":"https:\/\/radiostudiow.com.br\/site\/wp-json\/wp\/v2\/media\/15416"}],"wp:attachment":[{"href":"https:\/\/radiostudiow.com.br\/site\/wp-json\/wp\/v2\/media?parent=19052"}],"wp:term":[{"taxonomy":"category","embeddable":true,"href":"https:\/\/radiostudiow.com.br\/site\/wp-json\/wp\/v2\/categories?post=19052"},{"taxonomy":"post_tag","embeddable":true,"href":"https:\/\/radiostudiow.com.br\/site\/wp-json\/wp\/v2\/tags?post=19052"}],"curies":[{"name":"wp","href":"https:\/\/api.w.org\/{rel}","templated":true}]}}