{"id":19070,"date":"2024-01-22T18:22:30","date_gmt":"2024-01-22T21:22:30","guid":{"rendered":"https:\/\/radiostudiow.com.br\/site\/?p=19070"},"modified":"2025-01-31T15:02:18","modified_gmt":"2025-01-31T18:02:18","slug":"carro-invade-contramao-e-bate-de-frente-em-caminhao-de-uniao-da-vitoria-uma-pessoa-morreu","status":"publish","type":"post","link":"https:\/\/radiostudiow.com.br\/site\/2024\/01\/22\/carro-invade-contramao-e-bate-de-frente-em-caminhao-de-uniao-da-vitoria-uma-pessoa-morreu\/","title":{"rendered":"Motorista morre ap\u00f3s carro invadir contram\u00e3o e bater de frente com caminh\u00e3o de Uni\u00e3o da Vit\u00f3ria"},"content":{"rendered":"\n<p>Um caminh\u00e3o do Grupo Zolet de Uni\u00e3o da Vit\u00f3ria, o qual estava carregado de papel\u00e3o com destino a Faxinal dos Guedes, no Oeste, se envolveu em um acidente nas primeiras horas da manh\u00e3 desta segunda-feira, 22 de janeiro, na rodovia BR-470, em Blumenau no Vale do Itaja\u00ed.<\/p>\n\n\n\n<figure class=\"wp-block-image size-full\"><img decoding=\"async\" src=\"https:\/\/radiostudiow.com.br\/site\/wp-content\/uploads\/2024\/01\/SITE-GRANDE.png\" alt=\"\" class=\"wp-image-18949\"\/><\/figure>\n\n\n\n<p>De acordo com informa\u00e7\u00f5es, um ve\u00edculo Ford\/Ka de cor branca com placas de Blumenau, invadiu a contram\u00e3o, indo de frente com o caminh\u00e3o que ao tentar desviar, acabou saindo da pista e tombou.<\/p>\n\n\n\n<p>Mesmo com a tentativa de evitar a batida, o carro colidiu no caminh\u00e3o e o motorista do ve\u00edculo Ford\/K\u00e1 de 37 anos acabou n\u00e3o resistiu e entrou em \u00f3bito ainda no local.<\/p>\n\n\n\n<p>O motorista que foi a \u00f3bito estava sozinho no ve\u00edculo no momento da imprud\u00eancia.<\/p>\n\n\n\n<figure class=\"wp-block-image size-full\"><img decoding=\"async\" src=\"https:\/\/radiostudiow.com.br\/site\/wp-content\/uploads\/2024\/01\/SITE-GRANDE5.png\" alt=\"\" class=\"wp-image-18704\"\/><\/figure>\n\n\n\n<p><strong>O motorista do caminh\u00e3o de Uni\u00e3o da Vit\u00f3ria, de 28 anos de idade, n\u00e3o sofrer ferimentos graves. Ele apresentava escoria\u00e7\u00f5es nos joelhos.<\/strong><\/p>\n\n\n\n<figure class=\"wp-block-image size-full\"><img loading=\"lazy\" decoding=\"async\" width=\"500\" height=\"375\" src=\"https:\/\/radiostudiow.com.br\/site\/wp-content\/uploads\/2024\/01\/image-78.png\" alt=\"\" class=\"wp-image-19071\" srcset=\"https:\/\/radiostudiow.com.br\/site\/wp-content\/uploads\/2024\/01\/image-78.png 500w, https:\/\/radiostudiow.com.br\/site\/wp-content\/uploads\/2024\/01\/image-78-300x225.png 300w\" sizes=\"auto, (max-width: 500px) 100vw, 500px\" \/><\/figure>\n\n\n\n<p><a href=\"https:\/\/canal4.tv.br\/wp-content\/uploads\/2024\/01\/acidente-carro-caminhao2-e1705932559651.jpeg\"><\/a><\/p>\n","protected":false},"excerpt":{"rendered":"<p>Um caminh\u00e3o do Grupo Zolet de Uni\u00e3o da Vit\u00f3ria, o qual estava carregado de papel\u00e3o com destino a Faxinal dos Guedes, no Oeste, se envolveu em um acidente nas primeiras horas da manh\u00e3 desta segunda-feira, 22 de janeiro, na rodovia BR-470, em Blumenau no Vale do Itaja\u00ed. De acordo com informa\u00e7\u00f5es, um ve\u00edculo Ford\/Ka de [&hellip;]<\/p>\n","protected":false},"author":2,"featured_media":19072,"comment_status":"open","ping_status":"open","sticky":false,"template":"","format":"standard","meta":{"footnotes":""},"categories":[185],"tags":[172],"class_list":["post-19070","post","type-post","status-publish","format-standard","has-post-thumbnail","hentry","category-regional","tag-featured"],"amp_enabled":true,"_links":{"self":[{"href":"https:\/\/radiostudiow.com.br\/site\/wp-json\/wp\/v2\/posts\/19070","targetHints":{"allow":["GET"]}}],"collection":[{"href":"https:\/\/radiostudiow.com.br\/site\/wp-json\/wp\/v2\/posts"}],"about":[{"href":"https:\/\/radiostudiow.com.br\/site\/wp-json\/wp\/v2\/types\/post"}],"author":[{"embeddable":true,"href":"https:\/\/radiostudiow.com.br\/site\/wp-json\/wp\/v2\/users\/2"}],"replies":[{"embeddable":true,"href":"https:\/\/radiostudiow.com.br\/site\/wp-json\/wp\/v2\/comments?post=19070"}],"version-history":[{"count":3,"href":"https:\/\/radiostudiow.com.br\/site\/wp-json\/wp\/v2\/posts\/19070\/revisions"}],"predecessor-version":[{"id":19088,"href":"https:\/\/radiostudiow.com.br\/site\/wp-json\/wp\/v2\/posts\/19070\/revisions\/19088"}],"wp:featuredmedia":[{"embeddable":true,"href":"https:\/\/radiostudiow.com.br\/site\/wp-json\/wp\/v2\/media\/19072"}],"wp:attachment":[{"href":"https:\/\/radiostudiow.com.br\/site\/wp-json\/wp\/v2\/media?parent=19070"}],"wp:term":[{"taxonomy":"category","embeddable":true,"href":"https:\/\/radiostudiow.com.br\/site\/wp-json\/wp\/v2\/categories?post=19070"},{"taxonomy":"post_tag","embeddable":true,"href":"https:\/\/radiostudiow.com.br\/site\/wp-json\/wp\/v2\/tags?post=19070"}],"curies":[{"name":"wp","href":"https:\/\/api.w.org\/{rel}","templated":true}]}}