{"id":19076,"date":"2024-01-22T18:37:31","date_gmt":"2024-01-22T21:37:31","guid":{"rendered":"https:\/\/radiostudiow.com.br\/site\/?p=19076"},"modified":"2025-01-31T15:02:18","modified_gmt":"2025-01-31T18:02:18","slug":"em-general-carneiro-um-carro-da-argentina-perde-controle-e-sai-da-pista-na-br-153","status":"publish","type":"post","link":"https:\/\/radiostudiow.com.br\/site\/2024\/01\/22\/em-general-carneiro-um-carro-da-argentina-perde-controle-e-sai-da-pista-na-br-153\/","title":{"rendered":"Em General Carneiro, um carro da Argentina perde controle e sai da pista na BR-153"},"content":{"rendered":"\n<p>As equipes do Corpo de Bombeiros, SAMU e do Pronto Atendimento Municipal de General Carneiro estiveram mobilizados atendendo a uma ocorr\u00eancia de acidente registrado durante a manh\u00e3 dessa segunda-feira (22).<\/p>\n\n\n\n<figure class=\"wp-block-image size-full\"><img loading=\"lazy\" decoding=\"async\" width=\"897\" height=\"204\" src=\"https:\/\/radiostudiow.com.br\/site\/wp-content\/uploads\/2024\/01\/SITE-GRANDE3.png\" alt=\"zaions\" class=\"wp-image-18936\" srcset=\"https:\/\/radiostudiow.com.br\/site\/wp-content\/uploads\/2024\/01\/SITE-GRANDE3.png 897w, https:\/\/radiostudiow.com.br\/site\/wp-content\/uploads\/2024\/01\/SITE-GRANDE3-300x68.png 300w, https:\/\/radiostudiow.com.br\/site\/wp-content\/uploads\/2024\/01\/SITE-GRANDE3-768x175.png 768w\" sizes=\"auto, (max-width: 897px) 100vw, 897px\" \/><\/figure>\n\n\n\n<p>De acordo com informa\u00e7\u00f5es, o acidente aconteceu na rodovia BR-153, na regi\u00e3o das \u201cCasinhas do Forte\u201d e envolveu um ve\u00edculo Peugeot com placas da Argentina, o qual perdeu o controle da dire\u00e7\u00e3o e saiu da pista, vindo a cair em uma ribanceira de cerca de 10 metros.<\/p>\n\n\n\n<p>No ve\u00edculo estavam cinco pessoas \u00e0 bordo, sendo que uma mulher sofreu mais ferimentos. Ela recebeu os primeiros socorros e foi encaminhada para cuidados m\u00e9dicos.<\/p>\n\n\n\n<p>A Pol\u00edcia Rodoviaria Federal \u2013 PRF tamb\u00e9m deu apoio ao acidente.<\/p>\n\n\n\n<figure class=\"wp-block-image size-full\"><img decoding=\"async\" src=\"https:\/\/radiostudiow.com.br\/site\/wp-content\/uploads\/2024\/01\/SITE-GRANDE5.png\" alt=\"\" class=\"wp-image-18704\"\/><\/figure>\n\n\n\n<p><a href=\"https:\/\/canal4.tv.br\/wp-content\/uploads\/2024\/01\/guincho-24-hr.png\"><\/a><a href=\"https:\/\/canal4.tv.br\/wp-content\/uploads\/2024\/01\/peg6.jpg\"><\/a><\/p>\n","protected":false},"excerpt":{"rendered":"<p>As equipes do Corpo de Bombeiros, SAMU e do Pronto Atendimento Municipal de General Carneiro estiveram mobilizados atendendo a uma ocorr\u00eancia de acidente registrado durante a manh\u00e3 dessa segunda-feira (22). De acordo com informa\u00e7\u00f5es, o acidente aconteceu na rodovia BR-153, na regi\u00e3o das \u201cCasinhas do Forte\u201d e envolveu um ve\u00edculo Peugeot com placas da Argentina, [&hellip;]<\/p>\n","protected":false},"author":2,"featured_media":19077,"comment_status":"open","ping_status":"open","sticky":false,"template":"","format":"standard","meta":{"footnotes":""},"categories":[185],"tags":[172],"class_list":["post-19076","post","type-post","status-publish","format-standard","has-post-thumbnail","hentry","category-regional","tag-featured"],"amp_enabled":true,"_links":{"self":[{"href":"https:\/\/radiostudiow.com.br\/site\/wp-json\/wp\/v2\/posts\/19076","targetHints":{"allow":["GET"]}}],"collection":[{"href":"https:\/\/radiostudiow.com.br\/site\/wp-json\/wp\/v2\/posts"}],"about":[{"href":"https:\/\/radiostudiow.com.br\/site\/wp-json\/wp\/v2\/types\/post"}],"author":[{"embeddable":true,"href":"https:\/\/radiostudiow.com.br\/site\/wp-json\/wp\/v2\/users\/2"}],"replies":[{"embeddable":true,"href":"https:\/\/radiostudiow.com.br\/site\/wp-json\/wp\/v2\/comments?post=19076"}],"version-history":[{"count":2,"href":"https:\/\/radiostudiow.com.br\/site\/wp-json\/wp\/v2\/posts\/19076\/revisions"}],"predecessor-version":[{"id":19081,"href":"https:\/\/radiostudiow.com.br\/site\/wp-json\/wp\/v2\/posts\/19076\/revisions\/19081"}],"wp:featuredmedia":[{"embeddable":true,"href":"https:\/\/radiostudiow.com.br\/site\/wp-json\/wp\/v2\/media\/19077"}],"wp:attachment":[{"href":"https:\/\/radiostudiow.com.br\/site\/wp-json\/wp\/v2\/media?parent=19076"}],"wp:term":[{"taxonomy":"category","embeddable":true,"href":"https:\/\/radiostudiow.com.br\/site\/wp-json\/wp\/v2\/categories?post=19076"},{"taxonomy":"post_tag","embeddable":true,"href":"https:\/\/radiostudiow.com.br\/site\/wp-json\/wp\/v2\/tags?post=19076"}],"curies":[{"name":"wp","href":"https:\/\/api.w.org\/{rel}","templated":true}]}}