{"id":19094,"date":"2024-01-23T11:18:02","date_gmt":"2024-01-23T14:18:02","guid":{"rendered":"https:\/\/radiostudiow.com.br\/site\/?p=19094"},"modified":"2025-01-31T15:02:17","modified_gmt":"2025-01-31T18:02:17","slug":"homem-procura-pm-de-paula-freitas-apos-furto-em-sua-propriedade-rural","status":"publish","type":"post","link":"https:\/\/radiostudiow.com.br\/site\/2024\/01\/23\/homem-procura-pm-de-paula-freitas-apos-furto-em-sua-propriedade-rural\/","title":{"rendered":"Ferramentas s\u00e3o furtadas de propriedade rural em Paula Freitas"},"content":{"rendered":"\n<p>Um senhor compareceu ao Pelot\u00e3o da Pol\u00edcia Militar de Paula Freitas nessa segunda-feira, 22 de janeiro, relatando uma situa\u00e7\u00e3o de furto em sua propriedade na Col\u00f4nia de S\u00e3o Reinaldo.<\/p>\n\n\n\n<figure class=\"wp-block-image size-full\"><img decoding=\"async\" src=\"https:\/\/radiostudiow.com.br\/site\/wp-content\/uploads\/2024\/01\/SITE-GRANDE.png\" alt=\"\" class=\"wp-image-18949\"\/><\/figure>\n\n\n\n<p>O homem relatou que iria utilizar sua ro\u00e7adeira marca STIHL e reparou que a mesma n\u00e3o estava mais no galp\u00e3o de sua ch\u00e1cara, onde costumava guardar suas ferramentas. Ele tamb\u00e9m notou que sumiu duas motosserras, uma delas da marca STIHL e na manh\u00e3 de dessa segunda-feira (22), deu falta de uma lixadeira, uma furadeira, ambas da marca SKIL e uma Serra Sabre, marca MAKITA, e uma mochila de cor preta com tr\u00eas bolsos, a qual continha pap\u00e9is em seu interior, os mesmo que estavam abandonados. Constatando assim um furto.<\/p>\n\n\n\n<p>Diante dos relatos a equipe policial orientou a v\u00edtima quantos aos procedimentos cab\u00edveis.<\/p>\n\n\n\n<figure class=\"wp-block-image size-full\"><img decoding=\"async\" src=\"https:\/\/radiostudiow.com.br\/site\/wp-content\/uploads\/2024\/01\/SITE-GRANDE5.png\" alt=\"\" class=\"wp-image-18704\"\/><\/figure>\n","protected":false},"excerpt":{"rendered":"<p>Um senhor compareceu ao Pelot\u00e3o da Pol\u00edcia Militar de Paula Freitas nessa segunda-feira, 22 de janeiro, relatando uma situa\u00e7\u00e3o de furto em sua propriedade na Col\u00f4nia de S\u00e3o Reinaldo. O homem relatou que iria utilizar sua ro\u00e7adeira marca STIHL e reparou que a mesma n\u00e3o estava mais no galp\u00e3o de sua ch\u00e1cara, onde costumava guardar [&hellip;]<\/p>\n","protected":false},"author":2,"featured_media":13251,"comment_status":"open","ping_status":"open","sticky":false,"template":"","format":"standard","meta":{"footnotes":""},"categories":[2],"tags":[172],"class_list":["post-19094","post","type-post","status-publish","format-standard","has-post-thumbnail","hentry","category-policial","tag-featured"],"amp_enabled":true,"_links":{"self":[{"href":"https:\/\/radiostudiow.com.br\/site\/wp-json\/wp\/v2\/posts\/19094","targetHints":{"allow":["GET"]}}],"collection":[{"href":"https:\/\/radiostudiow.com.br\/site\/wp-json\/wp\/v2\/posts"}],"about":[{"href":"https:\/\/radiostudiow.com.br\/site\/wp-json\/wp\/v2\/types\/post"}],"author":[{"embeddable":true,"href":"https:\/\/radiostudiow.com.br\/site\/wp-json\/wp\/v2\/users\/2"}],"replies":[{"embeddable":true,"href":"https:\/\/radiostudiow.com.br\/site\/wp-json\/wp\/v2\/comments?post=19094"}],"version-history":[{"count":6,"href":"https:\/\/radiostudiow.com.br\/site\/wp-json\/wp\/v2\/posts\/19094\/revisions"}],"predecessor-version":[{"id":19109,"href":"https:\/\/radiostudiow.com.br\/site\/wp-json\/wp\/v2\/posts\/19094\/revisions\/19109"}],"wp:featuredmedia":[{"embeddable":true,"href":"https:\/\/radiostudiow.com.br\/site\/wp-json\/wp\/v2\/media\/13251"}],"wp:attachment":[{"href":"https:\/\/radiostudiow.com.br\/site\/wp-json\/wp\/v2\/media?parent=19094"}],"wp:term":[{"taxonomy":"category","embeddable":true,"href":"https:\/\/radiostudiow.com.br\/site\/wp-json\/wp\/v2\/categories?post=19094"},{"taxonomy":"post_tag","embeddable":true,"href":"https:\/\/radiostudiow.com.br\/site\/wp-json\/wp\/v2\/tags?post=19094"}],"curies":[{"name":"wp","href":"https:\/\/api.w.org\/{rel}","templated":true}]}}