{"id":19114,"date":"2024-01-23T18:17:38","date_gmt":"2024-01-23T21:17:38","guid":{"rendered":"https:\/\/radiostudiow.com.br\/site\/?p=19114"},"modified":"2025-01-31T15:02:17","modified_gmt":"2025-01-31T18:02:17","slug":"linha-de-credito-emergencial-parana-recupera-ja-tem-50-municipios-habilitados","status":"publish","type":"post","link":"https:\/\/radiostudiow.com.br\/site\/2024\/01\/23\/linha-de-credito-emergencial-parana-recupera-ja-tem-50-municipios-habilitados\/","title":{"rendered":"Linha de cr\u00e9dito emergencial Paran\u00e1 Recupera j\u00e1 tem 50 munic\u00edpios habilitados"},"content":{"rendered":"\n<p>A Fomento Paran\u00e1, institui\u00e7\u00e3o financeira do Governo do Estado, informa que neste in\u00edcio de ano 50 munic\u00edpios est\u00e3o habilitados para acesso aos benef\u00edcios do programa Paran\u00e1 Recupera. \u00c9 importante estar atento ao prazo de solicita\u00e7\u00e3o do cr\u00e9dito para os empreendedores, que \u00e9 de 180 dias a partir da data do decreto municipal de situa\u00e7\u00e3o de emerg\u00eancia.<\/p>\n\n\n\n<figure class=\"wp-block-image size-full\"><img decoding=\"async\" src=\"https:\/\/radiostudiow.com.br\/site\/wp-content\/uploads\/2024\/01\/SITE-GRANDE4.png\" alt=\"\" class=\"wp-image-18920\"\/><\/figure>\n\n\n\n<p><strong>S\u00e3o cidades prejudicadas pelas fortes chuvas, tornados ou outros eventos que tenham provocado grandes preju\u00edzos a estruturas p\u00fablicas e \u00e0s empresas e solicitaram ades\u00e3o ao programa, a partir da homologa\u00e7\u00e3o pelo Estado.<\/strong><\/p>\n\n\n\n<p>Mais de R$ 85 milh\u00f5es em cr\u00e9dito j\u00e1 foram liberados pela Fomento Paran\u00e1 na linha Paran\u00e1 Recupera. Os recursos atenderam 2.050 empreendimentos de mais de 40 cidades desde o in\u00edcio de 2023.<\/p>\n\n\n\n<p><strong>Todas as prefeituras que declararam situa\u00e7\u00e3o de emerg\u00eancia foram contatadas pela Fomento Paran\u00e1 para que possam habilitar seus agentes de cr\u00e9dito a ofertar o cr\u00e9dito aos empreendedores atingidos direta ou indiretamente em cada cidade.<\/strong><\/p>\n\n\n\n<p>A linha Paran\u00e1 Recupera foi autorizada pelo governador Carlos Massa Ratinho Junior, com base na lei estadual 20.164\/2020, e conta com subs\u00eddio na taxa de juros, por meio do Fundo de Desenvolvimento Econ\u00f4mico, que possibilita ofertar taxa fixa de 7,17% ao ano (0,58% ao m\u00eas) em empr\u00e9stimos de capital de giro, para munic\u00edpios em situa\u00e7\u00e3o de emerg\u00eancia.<\/p>\n\n\n\n<figure class=\"wp-block-image size-full\"><img decoding=\"async\" src=\"https:\/\/radiostudiow.com.br\/site\/wp-content\/uploads\/2024\/01\/SITE-GRANDE5.png\" alt=\"\" class=\"wp-image-18704\"\/><\/figure>\n\n\n\n<p>Essa condi\u00e7\u00e3o facilita o acesso ao cr\u00e9dito, que garante recursos com baixo custo para que a economia de munic\u00edpios afetados por fatores emergenciais possa ser restaurada e potencializada com agilidade.<\/p>\n\n\n\n<p><em><strong>\u201cColocando mais recursos com baixo custo na economia local, a Fomento contribui para o resgate da normalidade da economia da regi\u00e3o que foi atingida por uma intemp\u00e9rie, algum evento clim\u00e1tico ou mesmo uma quest\u00e3o de sa\u00fade p\u00fablica respons\u00e1vel por ensejar o decreto de emerg\u00eancia\u201d, afirma Oscar Roberto Burzynski, gerente de Opera\u00e7\u00f5es do Setor Privado da Fomento Paran\u00e1<\/strong>.<\/em><\/p>\n\n\n\n<p><strong>CR\u00c9DITO<\/strong>&nbsp;\u2013 Empreendimentos informais, MEIs ou microempresas, com faturamento de at\u00e9 R$ 360 mil ao ano podem contratar opera\u00e7\u00f5es de microcr\u00e9dito, com limite de R$ 20 mil. O contrato pode incluir at\u00e9 tr\u00eas meses de car\u00eancia e ser pago em at\u00e9 36 meses. Podem ser atendidos empreendedores e empresas que exer\u00e7am uma atividade h\u00e1, pelo menos, tr\u00eas meses, a contar da data do decreto municipal de situa\u00e7\u00e3o de emerg\u00eancia.<\/p>\n\n\n\n<p>Para empresas de micro e pequeno porte, cujo faturamento seja de at\u00e9 R$ 4,8 milh\u00f5es ao ano, o limite financi\u00e1vel \u00e9 de at\u00e9 R$ 500 mil. O empr\u00e9stimo pode ser pago em at\u00e9 60 meses, com at\u00e9 12 meses de car\u00eancia, desde que a empresa esteja em atividade h\u00e1 no m\u00ednimo 24 meses. O acesso a essa linha de cr\u00e9dito pode ser por meio dos agentes de cr\u00e9dito ou correspondentes da rede de parceiros ou diretamente on-line, cadastrando a solicita\u00e7\u00e3o no portal institucional&nbsp;<a href=\"https:\/\/www.fomento.pr.gov.br\/\" target=\"_blank\" rel=\"noreferrer noopener\">www.fomento.pr.gov.br<\/a>.<\/p>\n\n\n\n<p><strong><em>\u201cO primeiro momento \u00e9 o mais cr\u00edtico para as empresas, que precisam se organizar, avaliar danos e necessidades mais urgentes. Por isso, o programa Paran\u00e1 Recupera prev\u00ea um prazo de at\u00e9 seis meses, a partir da decreta\u00e7\u00e3o de emerg\u00eancia, para que o munic\u00edpio fa\u00e7a ades\u00e3o ao programa e os empreendedores possam solicitar o cr\u00e9dito nessas condi\u00e7\u00f5es diferenciadas\u201d, detalha o coordenador de Atendimento ao Cliente, Moacir Cardoso.<\/em><\/strong><\/p>\n\n\n\n<figure class=\"wp-block-image size-full\"><img decoding=\"async\" src=\"https:\/\/radiostudiow.com.br\/site\/wp-content\/uploads\/2024\/01\/SITE-PEQUENO3.png\" alt=\"\" class=\"wp-image-18924\"\/><\/figure>\n\n\n\n<p><em>\u201cEstamos nos colocando \u00e0 disposi\u00e7\u00e3o, porque muitas empresas precisam repor estoques e recuperar estruturas danificadas. Nessa hora que faz diferen\u00e7a ter acesso a cr\u00e9dito em condi\u00e7\u00f5es adequadas\u201d, explica.<\/em><\/p>\n\n\n\n<p><strong>Um dos empreendimentos beneficiados com a linha Paran\u00e1 Recupera foi o ateli\u00ea da moradora de Uni\u00e3o da Vit\u00f3ria Bruna Kuroski. O empreendimento \u00e9 voltado \u00e0 confeitaria e n\u00e3o sofreu diretamente com os alagamentos que atingiram a cidade em outubro, mas a queda das vendas foi abrupta.<\/strong><\/p>\n\n\n\n<p><strong><em>\u201cSenti uma queda no faturamento de quase 90%. Foi muito dr\u00e1stico, porque naquele momento as pessoas n\u00e3o estavam querendo e nem podendo festejar, foi um cancelamento atr\u00e1s do outro\u201d, conta Bruna.<\/em><\/strong><\/p>\n\n\n\n<p>Ela lembra que foi um momento de grande incerteza.<em> \u201c<strong>Eu n\u00e3o sabia nem se iria conseguir pagar os funcion\u00e1rios e as distribuidoras. E acontece que sempre tivemos o costume de vender nossos doces na rua mesmo, o que n\u00e3o estava mais dando para fazer\u201d, diz a microempreendedora.<\/strong><\/em><\/p>\n\n\n\n<figure class=\"wp-block-image size-full\"><img loading=\"lazy\" decoding=\"async\" width=\"598\" height=\"204\" src=\"https:\/\/radiostudiow.com.br\/site\/wp-content\/uploads\/2024\/01\/SITE-MEDIO.png\" alt=\"\" class=\"wp-image-18916\" srcset=\"https:\/\/radiostudiow.com.br\/site\/wp-content\/uploads\/2024\/01\/SITE-MEDIO.png 598w, https:\/\/radiostudiow.com.br\/site\/wp-content\/uploads\/2024\/01\/SITE-MEDIO-300x102.png 300w\" sizes=\"auto, (max-width: 598px) 100vw, 598px\" \/><\/figure>\n\n\n\n<p>Nesse momento, Bruna resolveu buscar apoio financeiro da Fomento Paran\u00e1, atrav\u00e9s da linha Paran\u00e1 Recupera. Para ela, o cr\u00e9dito foi o principal respons\u00e1vel por salvar seu neg\u00f3cio e, desde ent\u00e3o, a situa\u00e7\u00e3o s\u00f3 tem melhorado. \u201cUsei parte do valor para os pagamentos e o restante em investimentos na amplia\u00e7\u00e3o do ateli\u00ea e no objetivo de proporcionar um melhor atendimento ao cliente\u201d. Esta \u00e9 a terceira vez que Bruna encontra nas linhas de cr\u00e9dito da Fomento a solu\u00e7\u00e3o para suportar tempos de crise.<\/p>\n\n\n\n<figure class=\"wp-block-image size-full\"><img decoding=\"async\" src=\"https:\/\/radiostudiow.com.br\/site\/wp-content\/uploads\/2024\/01\/image-79.png\" alt=\"\" class=\"wp-image-19115\"\/><figcaption class=\"wp-element-caption\"><em>Um dos empreendimentos beneficiados com a linha Paran\u00e1 Recupera foi o ateli\u00ea da moradora de Uni\u00e3o da Vit\u00f3ria Bruna Kuroski. Foto: Arquivo Pessoal<\/em><\/figcaption><\/figure>\n\n\n\n<p><strong>ATEN\u00c7\u00c3O PARA OS PRAZOS<\/strong>&nbsp;\u2013 \u00c9 importante estar atento ao o prazo de solicita\u00e7\u00e3o do cr\u00e9dito para os empreendedores, que \u00e9 de 180 dias a partir da data do decreto municipal de emerg\u00eancia.<\/p>\n\n\n\n<p>Na maioria dos munic\u00edpios que j\u00e1 est\u00e3o habilitados o per\u00edodo para solicita\u00e7\u00e3o de cr\u00e9dito vai at\u00e9 os meses de abril e maio, mas para as cidades de Antonina (21\/01), Clevel\u00e2ndia (12\/02) e Alto Paran\u00e1 (24\/02) o prazo acaba nos pr\u00f3ximos dias.<\/p>\n\n\n\n<p>A partir da ades\u00e3o ao programa, os munic\u00edpios tamb\u00e9m podem se beneficiar solicitando morat\u00f3ria de contratos vigentes (por at\u00e9 12 meses) ou ent\u00e3o requisitando cr\u00e9dito novo, em condi\u00e7\u00f5es especiais, sem juros, tendo apenas corre\u00e7\u00e3o pela taxa Selic, para recupera\u00e7\u00e3o de estruturas p\u00fablicas, como pontes, vias p\u00fablicas ou pr\u00e9dios p\u00fablicos.<\/p>\n\n\n\n<figure class=\"wp-block-image size-full\"><img loading=\"lazy\" decoding=\"async\" width=\"300\" height=\"180\" src=\"https:\/\/radiostudiow.com.br\/site\/wp-content\/uploads\/2024\/01\/SITE-PEQUENO.png\" alt=\"\" class=\"wp-image-18945\"\/><\/figure>\n\n\n\n<p>Est\u00e3o com situa\u00e7\u00e3o de emerg\u00eancia homologada 113 munic\u00edpios, dos quais apenas 50 com acesso ao sistema da Fomento Paran\u00e1 para oferta o cr\u00e9dito do Paran\u00e1 Recupera em condi\u00e7\u00f5es diferenciadas. E apenas 18 munic\u00edpios manifestaram interesse em aderir \u00e0 morat\u00f3ria de financiamentos que est\u00e3o em andamento de contratos para obras p\u00fablicas.<\/p>\n\n\n\n<figure class=\"wp-block-image size-full\"><img loading=\"lazy\" decoding=\"async\" width=\"720\" height=\"480\" src=\"https:\/\/radiostudiow.com.br\/site\/wp-content\/uploads\/2024\/01\/image-80.png\" alt=\"\" class=\"wp-image-19116\" srcset=\"https:\/\/radiostudiow.com.br\/site\/wp-content\/uploads\/2024\/01\/image-80.png 720w, https:\/\/radiostudiow.com.br\/site\/wp-content\/uploads\/2024\/01\/image-80-300x200.png 300w\" sizes=\"auto, (max-width: 720px) 100vw, 720px\" \/><\/figure>\n","protected":false},"excerpt":{"rendered":"<p>A Fomento Paran\u00e1, institui\u00e7\u00e3o financeira do Governo do Estado, informa que neste in\u00edcio de ano 50 munic\u00edpios est\u00e3o habilitados para acesso aos benef\u00edcios do programa Paran\u00e1 Recupera. \u00c9 importante estar atento ao prazo de solicita\u00e7\u00e3o do cr\u00e9dito para os empreendedores, que \u00e9 de 180 dias a partir da data do decreto municipal de situa\u00e7\u00e3o de [&hellip;]<\/p>\n","protected":false},"author":2,"featured_media":19117,"comment_status":"open","ping_status":"open","sticky":false,"template":"","format":"standard","meta":{"footnotes":""},"categories":[7],"tags":[172],"class_list":["post-19114","post","type-post","status-publish","format-standard","has-post-thumbnail","hentry","category-geral","tag-featured"],"amp_enabled":true,"_links":{"self":[{"href":"https:\/\/radiostudiow.com.br\/site\/wp-json\/wp\/v2\/posts\/19114","targetHints":{"allow":["GET"]}}],"collection":[{"href":"https:\/\/radiostudiow.com.br\/site\/wp-json\/wp\/v2\/posts"}],"about":[{"href":"https:\/\/radiostudiow.com.br\/site\/wp-json\/wp\/v2\/types\/post"}],"author":[{"embeddable":true,"href":"https:\/\/radiostudiow.com.br\/site\/wp-json\/wp\/v2\/users\/2"}],"replies":[{"embeddable":true,"href":"https:\/\/radiostudiow.com.br\/site\/wp-json\/wp\/v2\/comments?post=19114"}],"version-history":[{"count":1,"href":"https:\/\/radiostudiow.com.br\/site\/wp-json\/wp\/v2\/posts\/19114\/revisions"}],"predecessor-version":[{"id":19118,"href":"https:\/\/radiostudiow.com.br\/site\/wp-json\/wp\/v2\/posts\/19114\/revisions\/19118"}],"wp:featuredmedia":[{"embeddable":true,"href":"https:\/\/radiostudiow.com.br\/site\/wp-json\/wp\/v2\/media\/19117"}],"wp:attachment":[{"href":"https:\/\/radiostudiow.com.br\/site\/wp-json\/wp\/v2\/media?parent=19114"}],"wp:term":[{"taxonomy":"category","embeddable":true,"href":"https:\/\/radiostudiow.com.br\/site\/wp-json\/wp\/v2\/categories?post=19114"},{"taxonomy":"post_tag","embeddable":true,"href":"https:\/\/radiostudiow.com.br\/site\/wp-json\/wp\/v2\/tags?post=19114"}],"curies":[{"name":"wp","href":"https:\/\/api.w.org\/{rel}","templated":true}]}}