{"id":19119,"date":"2024-01-23T18:53:57","date_gmt":"2024-01-23T21:53:57","guid":{"rendered":"https:\/\/radiostudiow.com.br\/site\/?p=19119"},"modified":"2025-01-31T15:02:17","modified_gmt":"2025-01-31T18:02:17","slug":"calendario-do-pis-2024-ja-foi-definido-pelo-governo-veja-quando-sera-pago","status":"publish","type":"post","link":"https:\/\/radiostudiow.com.br\/site\/2024\/01\/23\/calendario-do-pis-2024-ja-foi-definido-pelo-governo-veja-quando-sera-pago\/","title":{"rendered":"Calend\u00e1rio do PIS 2024 j\u00e1 foi definido pelo Governo"},"content":{"rendered":"\n<p><strong><em>Os pagamentos ser\u00e3o distribu\u00eddos de acordo com a sequ\u00eancia do m\u00eas de nascimento do benefici\u00e1rio.<\/em><\/strong><\/p>\n\n\n\n<p>O governo federal aprovou o cronograma de pagamentos do abono salarial PIS\/Pasep para o ano de 2024, associado ao ano-base 2022, mantendo a vincula\u00e7\u00e3o ao m\u00eas de nascimento e ajustando o valor de acordo com o aumento do sal\u00e1rio m\u00ednimo para os trabalhadores do setor privado e servidores p\u00fablicos.<\/p>\n\n\n\n<figure class=\"wp-block-image size-full\"><img decoding=\"async\" src=\"https:\/\/radiostudiow.com.br\/site\/wp-content\/uploads\/2024\/01\/SITE-GRANDE2.png\" alt=\"\" class=\"wp-image-18938\"\/><\/figure>\n\n\n\n<p><strong>O que aconteceu?<br><\/strong>Segundo informa\u00e7\u00f5es do Minist\u00e9rio do Trabalho e Emprego, aproximadamente 24,5 milh\u00f5es de trabalhadores ser\u00e3o beneficiados, totalizando um montante de R$ 23,9 bilh\u00f5es.<\/p>\n\n\n\n<p>Os pagamentos ser\u00e3o distribu\u00eddos de acordo com a sequ\u00eancia do m\u00eas de nascimento do benefici\u00e1rio, sendo aplicada a mesma regra tanto para trabalhadores privados (PIS) quanto para servidores p\u00fablicos (Pasep). O per\u00edodo de distribui\u00e7\u00e3o ocorrer\u00e1 de 15 de fevereiro a 15 de agosto, conforme o calend\u00e1rio completo abaixo.<\/p>\n\n\n\n<p>A partir de 5 de fevereiro de 2024, os trabalhadores poder\u00e3o verificar sua elegibilidade ao abono por meio da consulta dispon\u00edvel no portal gov.br ou no aplicativo Carteira de Trabalho Digital.<\/p>\n\n\n\n<figure class=\"wp-block-image size-full\"><img loading=\"lazy\" decoding=\"async\" width=\"598\" height=\"204\" src=\"https:\/\/radiostudiow.com.br\/site\/wp-content\/uploads\/2023\/12\/SITE-MEDIO4.png\" alt=\"\" class=\"wp-image-17598\" srcset=\"https:\/\/radiostudiow.com.br\/site\/wp-content\/uploads\/2023\/12\/SITE-MEDIO4.png 598w, https:\/\/radiostudiow.com.br\/site\/wp-content\/uploads\/2023\/12\/SITE-MEDIO4-300x102.png 300w\" sizes=\"auto, (max-width: 598px) 100vw, 598px\" \/><\/figure>\n\n\n\n<h2 class=\"wp-block-heading\">Calend\u00e1rio de Pagamentos do PIS em 2024<\/h2>\n\n\n\n<p>Nascidos em janeiro: a partir de 15 de fevereiro<br>Nascidos em fevereiro: a partir de 15 de mar\u00e7o<br>Nascidos em mar\u00e7o: a partir de 15 de abril<br>Nascidos em abril: a partir de 15 de abril<br>Nascidos em maio: a partir de 15 de maio<br>Nascidos em junho: a partir de 15 de maio<br>Nascidos em julho: a partir de 17 de junho<br>Nascidos em agosto: a partir de 17 de junho<br>Nascidos em setembro: a partir de 15 de julho<br>Nascidos em outubro: a partir de 15 de julho<br>Nascidos em novembro: a partir de 15 de agosto<br>Nascidos em dezembro: a partir de 15 de agosto<\/p>\n\n\n\n<p>Elegibilidade para o PIS em 2024<br>Ter\u00e3o direito ao abono em 2024 todos os trabalhadores e servidores que:<\/p>\n\n\n\n<p>Receberam at\u00e9 dois sal\u00e1rios m\u00ednimos mensais, em m\u00e9dia, em 2022;<br>Est\u00e3o inscritos no PIS ou Pasep h\u00e1 pelo menos cinco anos;<br>Atuaram com carteira assinada por, no m\u00ednimo, 30 dias em 2022;<br>Tiveram seus dados corretamente informados pelo empregador ao governo.<\/p>\n\n\n\n<figure class=\"wp-block-image size-full\"><img decoding=\"async\" src=\"https:\/\/radiostudiow.com.br\/site\/wp-content\/uploads\/2024\/01\/SITE-GRANDE5.png\" alt=\"\" class=\"wp-image-18704\"\/><\/figure>\n","protected":false},"excerpt":{"rendered":"<p>Os pagamentos ser\u00e3o distribu\u00eddos de acordo com a sequ\u00eancia do m\u00eas de nascimento do benefici\u00e1rio. O governo federal aprovou o cronograma de pagamentos do abono salarial PIS\/Pasep para o ano de 2024, associado ao ano-base 2022, mantendo a vincula\u00e7\u00e3o ao m\u00eas de nascimento e ajustando o valor de acordo com o aumento do sal\u00e1rio m\u00ednimo [&hellip;]<\/p>\n","protected":false},"author":2,"featured_media":18786,"comment_status":"open","ping_status":"open","sticky":false,"template":"","format":"standard","meta":{"footnotes":""},"categories":[7],"tags":[172],"class_list":["post-19119","post","type-post","status-publish","format-standard","has-post-thumbnail","hentry","category-geral","tag-featured"],"amp_enabled":true,"_links":{"self":[{"href":"https:\/\/radiostudiow.com.br\/site\/wp-json\/wp\/v2\/posts\/19119","targetHints":{"allow":["GET"]}}],"collection":[{"href":"https:\/\/radiostudiow.com.br\/site\/wp-json\/wp\/v2\/posts"}],"about":[{"href":"https:\/\/radiostudiow.com.br\/site\/wp-json\/wp\/v2\/types\/post"}],"author":[{"embeddable":true,"href":"https:\/\/radiostudiow.com.br\/site\/wp-json\/wp\/v2\/users\/2"}],"replies":[{"embeddable":true,"href":"https:\/\/radiostudiow.com.br\/site\/wp-json\/wp\/v2\/comments?post=19119"}],"version-history":[{"count":2,"href":"https:\/\/radiostudiow.com.br\/site\/wp-json\/wp\/v2\/posts\/19119\/revisions"}],"predecessor-version":[{"id":19124,"href":"https:\/\/radiostudiow.com.br\/site\/wp-json\/wp\/v2\/posts\/19119\/revisions\/19124"}],"wp:featuredmedia":[{"embeddable":true,"href":"https:\/\/radiostudiow.com.br\/site\/wp-json\/wp\/v2\/media\/18786"}],"wp:attachment":[{"href":"https:\/\/radiostudiow.com.br\/site\/wp-json\/wp\/v2\/media?parent=19119"}],"wp:term":[{"taxonomy":"category","embeddable":true,"href":"https:\/\/radiostudiow.com.br\/site\/wp-json\/wp\/v2\/categories?post=19119"},{"taxonomy":"post_tag","embeddable":true,"href":"https:\/\/radiostudiow.com.br\/site\/wp-json\/wp\/v2\/tags?post=19119"}],"curies":[{"name":"wp","href":"https:\/\/api.w.org\/{rel}","templated":true}]}}