{"id":19122,"date":"2024-01-23T19:49:52","date_gmt":"2024-01-23T22:49:52","guid":{"rendered":"https:\/\/radiostudiow.com.br\/site\/?p=19122"},"modified":"2025-01-31T15:02:17","modified_gmt":"2025-01-31T18:02:17","slug":"policia-militar-registra-violencia-domestica-em-uniao-da-vitoria","status":"publish","type":"post","link":"https:\/\/radiostudiow.com.br\/site\/2024\/01\/23\/policia-militar-registra-violencia-domestica-em-uniao-da-vitoria\/","title":{"rendered":"Pol\u00edcia Militar registra viol\u00eancia dom\u00e9stica em Uni\u00e3o da Vit\u00f3ria"},"content":{"rendered":"\n<p>A equipe da Pol\u00edcia Militar de Uni\u00e3o da Vit\u00f3ria registrou uma situa\u00e7\u00e3o de les\u00e3o corporal e viol\u00eancia dom\u00e9stica familiar por volta das 16:35 horas dessa segunda-feira (22).<\/p>\n\n\n\n<figure class=\"wp-block-image size-full\"><img decoding=\"async\" src=\"https:\/\/radiostudiow.com.br\/site\/wp-content\/uploads\/2024\/01\/SITE-GRANDE5.png\" alt=\"\" class=\"wp-image-18704\"\/><\/figure>\n\n\n\n<p>O solicitante informou que o seu vizinho esta agredindo a sua esposa na \u00e1rea rural da resid\u00eancia, de imediato os policiais se deslocaram at\u00e9 a localidade de S\u00e3o Sebasti\u00e3o, onde foi avistado um casal sentado na garagem da resid\u00eancia.<\/p>\n\n\n\n<p>Ap\u00f3s serem abordados, em conversa com a poss\u00edvel v\u00edtima, ela informou que teve uma discuss\u00e3o com seu companheiro em virtude do mesmo n\u00e3o cumprir com tudo que lhe prometeu no in\u00edcio do relacionamento, mencionou que o mesmo segurou seu bra\u00e7o com for\u00e7a, por\u00e9m, n\u00e3o deixou qualquer marca conforme verificado pela equipe policial.<\/p>\n\n\n\n<figure class=\"wp-block-image size-full\"><img decoding=\"async\" src=\"https:\/\/radiostudiow.com.br\/site\/wp-content\/uploads\/2024\/01\/SITE-GRANDE.png\" alt=\"\" class=\"wp-image-18949\"\/><\/figure>\n\n\n\n<p>A v\u00edtima informou que n\u00e3o desejaria representar neste momento contra o autor, desta forma, as partes foram devidamente orientadas quanto aos procedimentos cab\u00edveis, sendo lavrado o presente Boletim de Ocorr\u00eancia.<\/p>\n","protected":false},"excerpt":{"rendered":"<p>A equipe da Pol\u00edcia Militar de Uni\u00e3o da Vit\u00f3ria registrou uma situa\u00e7\u00e3o de les\u00e3o corporal e viol\u00eancia dom\u00e9stica familiar por volta das 16:35 horas dessa segunda-feira (22). O solicitante informou que o seu vizinho esta agredindo a sua esposa na \u00e1rea rural da resid\u00eancia, de imediato os policiais se deslocaram at\u00e9 a localidade de S\u00e3o [&hellip;]<\/p>\n","protected":false},"author":2,"featured_media":11623,"comment_status":"open","ping_status":"open","sticky":false,"template":"","format":"standard","meta":{"footnotes":""},"categories":[2],"tags":[172],"class_list":["post-19122","post","type-post","status-publish","format-standard","has-post-thumbnail","hentry","category-policial","tag-featured"],"amp_enabled":true,"_links":{"self":[{"href":"https:\/\/radiostudiow.com.br\/site\/wp-json\/wp\/v2\/posts\/19122","targetHints":{"allow":["GET"]}}],"collection":[{"href":"https:\/\/radiostudiow.com.br\/site\/wp-json\/wp\/v2\/posts"}],"about":[{"href":"https:\/\/radiostudiow.com.br\/site\/wp-json\/wp\/v2\/types\/post"}],"author":[{"embeddable":true,"href":"https:\/\/radiostudiow.com.br\/site\/wp-json\/wp\/v2\/users\/2"}],"replies":[{"embeddable":true,"href":"https:\/\/radiostudiow.com.br\/site\/wp-json\/wp\/v2\/comments?post=19122"}],"version-history":[{"count":2,"href":"https:\/\/radiostudiow.com.br\/site\/wp-json\/wp\/v2\/posts\/19122\/revisions"}],"predecessor-version":[{"id":19125,"href":"https:\/\/radiostudiow.com.br\/site\/wp-json\/wp\/v2\/posts\/19122\/revisions\/19125"}],"wp:featuredmedia":[{"embeddable":true,"href":"https:\/\/radiostudiow.com.br\/site\/wp-json\/wp\/v2\/media\/11623"}],"wp:attachment":[{"href":"https:\/\/radiostudiow.com.br\/site\/wp-json\/wp\/v2\/media?parent=19122"}],"wp:term":[{"taxonomy":"category","embeddable":true,"href":"https:\/\/radiostudiow.com.br\/site\/wp-json\/wp\/v2\/categories?post=19122"},{"taxonomy":"post_tag","embeddable":true,"href":"https:\/\/radiostudiow.com.br\/site\/wp-json\/wp\/v2\/tags?post=19122"}],"curies":[{"name":"wp","href":"https:\/\/api.w.org\/{rel}","templated":true}]}}